{"id":818,"date":"2018-05-08T11:47:40","date_gmt":"2018-05-08T09:47:40","guid":{"rendered":"http:\/\/www.uesc-waldmichelbach.de\/uesc\/?p=818"},"modified":"2023-07-22T19:13:47","modified_gmt":"2023-07-22T17:13:47","slug":"erfolg-fuer-u14-des-uesc","status":"publish","type":"post","link":"https:\/\/www.uesc-waldmichelbach.de\/uesc\/erfolg-fuer-u14-des-uesc\/","title":{"rendered":"Erfolg f\u00fcr U14 des \u00dcSC"},"content":{"rendered":"\n<p>Es sind einige Jahre vergangen seit den letzten Erfolgen f\u00fcr die m\u00e4nnliche Volleyballjugend des \u00dcSC Wald-Michelbach. Etwas \u00fcberraschend gelang der U14 jetzt der zweite Platz beim Hessischen Jugendpokal in Vellmar. Das erste Spiel sollte f\u00fcr die Endplatzierung bereits entscheidend sein. Gl\u00fccklicherweise kamen die Jungen des DSW Darmstadt nicht gleich auf Touren, so dass sich der \u00dcSC beide S\u00e4tze mit knappen Resultaten sichern konnte. Der VBC B\u00fcdingen war anschlie\u00dfend k\u00f6rperlich \u00fcberlegen und der \u00dcSC konnte nicht viel entgegensetzen, sodass beide S\u00e4tze klar verloren gingen. Blieben jetzt noch die beiden Begegnungen gegen die Heimmannschaften. Hatten die Jungs das Spiel gegen den SSC Vellmar noch voll im Griff, so m\u00fchte man sich gegen den ACT Kassel \u00fcber drei S\u00e4tze, bis der Sieg feststand. Strahlend nahmen die Jungs in ihren blauen Trikots die Silbermedaillen in Empfang. Unser Bild zeigt von links: Betreuer Kurt v. Rennenkampff, Amos H\u00f6lzel, Jakob Durrer, Mika H\u00f6lzel, Marian H\u00f6lzel und David Hinz. Bild: privat<\/p>\n\n\n\n<p><\/p>\n\n\n\n<figure class=\"wp-block-image size-full\"><img fetchpriority=\"high\" decoding=\"async\" width=\"659\" height=\"408\" src=\"https:\/\/www.uesc-waldmichelbach.de\/uesc\/wp-content\/uploads\/2018\/05\/mainMediaSize659x407_typeimage_publishtrue_x00_y02.1_x1100_y197.9_role1_format1.61916461__image.jpg\" alt=\"\" class=\"wp-image-819\" srcset=\"https:\/\/www.uesc-waldmichelbach.de\/uesc\/wp-content\/uploads\/2018\/05\/mainMediaSize659x407_typeimage_publishtrue_x00_y02.1_x1100_y197.9_role1_format1.61916461__image.jpg 659w, https:\/\/www.uesc-waldmichelbach.de\/uesc\/wp-content\/uploads\/2018\/05\/mainMediaSize659x407_typeimage_publishtrue_x00_y02.1_x1100_y197.9_role1_format1.61916461__image-600x371.jpg 600w, https:\/\/www.uesc-waldmichelbach.de\/uesc\/wp-content\/uploads\/2018\/05\/mainMediaSize659x407_typeimage_publishtrue_x00_y02.1_x1100_y197.9_role1_format1.61916461__image-300x186.jpg 300w\" sizes=\"(max-width: 659px) 100vw, 659px\" \/><\/figure>\n","protected":false},"excerpt":{"rendered":"<p>Es sind einige Jahre vergangen seit den letzten Erfolgen f\u00fcr die m\u00e4nnliche Volleyballjugend des \u00dcSC Wald-Michelbach. Etwas \u00fcberraschend gelang der U14 jetzt der zweite Platz beim Hessischen Jugendpokal in Vellmar. Das erste Spiel sollte f\u00fcr die Endplatzierung bereits entscheidend sein. Gl\u00fccklicherweise kamen die Jungen des DSW Darmstadt nicht gleich auf Touren, so dass sich der [&hellip;]<\/p>\n","protected":false},"author":8,"featured_media":0,"comment_status":"open","ping_status":"open","sticky":false,"template":"","format":"standard","meta":{"footnotes":""},"categories":[1],"tags":[],"class_list":["post-818","post","type-post","status-publish","format-standard","hentry","category-allgemein"],"yoast_head":"<!-- This site is optimized with the Yoast SEO plugin v27.4 - https:\/\/yoast.com\/product\/yoast-seo-wordpress\/ -->\n<title>Erfolg f\u00fcr U14 des \u00dcSC - \u00dcberw\u00e4lder Schulsportclub<\/title>\n<meta name=\"robots\" content=\"index, follow, max-snippet:-1, max-image-preview:large, max-video-preview:-1\" \/>\n<link rel=\"canonical\" href=\"https:\/\/www.uesc-waldmichelbach.de\/uesc\/erfolg-fuer-u14-des-uesc\/\" \/>\n<meta property=\"og:locale\" content=\"de_DE\" \/>\n<meta property=\"og:type\" content=\"article\" \/>\n<meta property=\"og:title\" content=\"Erfolg f\u00fcr U14 des \u00dcSC - \u00dcberw\u00e4lder Schulsportclub\" \/>\n<meta property=\"og:description\" content=\"Es sind einige Jahre vergangen seit den letzten Erfolgen f\u00fcr die m\u00e4nnliche Volleyballjugend des \u00dcSC Wald-Michelbach. Etwas \u00fcberraschend gelang der U14 jetzt der zweite Platz beim Hessischen Jugendpokal in Vellmar. Das erste Spiel sollte f\u00fcr die Endplatzierung bereits entscheidend sein. Gl\u00fccklicherweise kamen die Jungen des DSW Darmstadt nicht gleich auf Touren, so dass sich der [&hellip;]\" \/>\n<meta property=\"og:url\" content=\"https:\/\/www.uesc-waldmichelbach.de\/uesc\/erfolg-fuer-u14-des-uesc\/\" \/>\n<meta property=\"og:site_name\" content=\"\u00dcberw\u00e4lder Schulsportclub\" \/>\n<meta property=\"article:publisher\" content=\"https:\/\/www.facebook.com\/UESC.WaldMichelbach\" \/>\n<meta property=\"article:published_time\" content=\"2018-05-08T09:47:40+00:00\" \/>\n<meta property=\"article:modified_time\" content=\"2023-07-22T17:13:47+00:00\" \/>\n<meta property=\"og:image\" content=\"https:\/\/www.uesc-waldmichelbach.de\/uesc\/wp-content\/uploads\/2018\/05\/mainMediaSize659x407_typeimage_publishtrue_x00_y02.1_x1100_y197.9_role1_format1.61916461__image.jpg\" \/>\n<meta name=\"author\" content=\"Sabrina Kr\u00e4mer\" \/>\n<meta name=\"twitter:card\" content=\"summary_large_image\" \/>\n<meta name=\"twitter:label1\" content=\"Verfasst von\" \/>\n\t<meta name=\"twitter:data1\" content=\"Sabrina Kr\u00e4mer\" \/>\n\t<meta name=\"twitter:label2\" content=\"Gesch\u00e4tzte Lesezeit\" \/>\n\t<meta name=\"twitter:data2\" content=\"1\u00a0Minute\" \/>\n<script type=\"application\/ld+json\" class=\"yoast-schema-graph\">{\"@context\":\"https:\\\/\\\/schema.org\",\"@graph\":[{\"@type\":\"Article\",\"@id\":\"https:\\\/\\\/www.uesc-waldmichelbach.de\\\/uesc\\\/erfolg-fuer-u14-des-uesc\\\/#article\",\"isPartOf\":{\"@id\":\"https:\\\/\\\/www.uesc-waldmichelbach.de\\\/uesc\\\/erfolg-fuer-u14-des-uesc\\\/\"},\"author\":{\"name\":\"Sabrina Kr\u00e4mer\",\"@id\":\"https:\\\/\\\/www.uesc-waldmichelbach.de\\\/uesc\\\/#\\\/schema\\\/person\\\/ce10cabe00874116b5cd81e4944a3e22\"},\"headline\":\"Erfolg f\u00fcr U14 des \u00dcSC\",\"datePublished\":\"2018-05-08T09:47:40+00:00\",\"dateModified\":\"2023-07-22T17:13:47+00:00\",\"mainEntityOfPage\":{\"@id\":\"https:\\\/\\\/www.uesc-waldmichelbach.de\\\/uesc\\\/erfolg-fuer-u14-des-uesc\\\/\"},\"wordCount\":174,\"commentCount\":0,\"publisher\":{\"@id\":\"https:\\\/\\\/www.uesc-waldmichelbach.de\\\/uesc\\\/#organization\"},\"image\":{\"@id\":\"https:\\\/\\\/www.uesc-waldmichelbach.de\\\/uesc\\\/erfolg-fuer-u14-des-uesc\\\/#primaryimage\"},\"thumbnailUrl\":\"https:\\\/\\\/www.uesc-waldmichelbach.de\\\/uesc\\\/wp-content\\\/uploads\\\/2018\\\/05\\\/mainMediaSize659x407_typeimage_publishtrue_x00_y02.1_x1100_y197.9_role1_format1.61916461__image.jpg\",\"inLanguage\":\"de\",\"potentialAction\":[{\"@type\":\"CommentAction\",\"name\":\"Comment\",\"target\":[\"https:\\\/\\\/www.uesc-waldmichelbach.de\\\/uesc\\\/erfolg-fuer-u14-des-uesc\\\/#respond\"]}]},{\"@type\":\"WebPage\",\"@id\":\"https:\\\/\\\/www.uesc-waldmichelbach.de\\\/uesc\\\/erfolg-fuer-u14-des-uesc\\\/\",\"url\":\"https:\\\/\\\/www.uesc-waldmichelbach.de\\\/uesc\\\/erfolg-fuer-u14-des-uesc\\\/\",\"name\":\"Erfolg f\u00fcr U14 des \u00dcSC - \u00dcberw\u00e4lder Schulsportclub\",\"isPartOf\":{\"@id\":\"https:\\\/\\\/www.uesc-waldmichelbach.de\\\/uesc\\\/#website\"},\"primaryImageOfPage\":{\"@id\":\"https:\\\/\\\/www.uesc-waldmichelbach.de\\\/uesc\\\/erfolg-fuer-u14-des-uesc\\\/#primaryimage\"},\"image\":{\"@id\":\"https:\\\/\\\/www.uesc-waldmichelbach.de\\\/uesc\\\/erfolg-fuer-u14-des-uesc\\\/#primaryimage\"},\"thumbnailUrl\":\"https:\\\/\\\/www.uesc-waldmichelbach.de\\\/uesc\\\/wp-content\\\/uploads\\\/2018\\\/05\\\/mainMediaSize659x407_typeimage_publishtrue_x00_y02.1_x1100_y197.9_role1_format1.61916461__image.jpg\",\"datePublished\":\"2018-05-08T09:47:40+00:00\",\"dateModified\":\"2023-07-22T17:13:47+00:00\",\"breadcrumb\":{\"@id\":\"https:\\\/\\\/www.uesc-waldmichelbach.de\\\/uesc\\\/erfolg-fuer-u14-des-uesc\\\/#breadcrumb\"},\"inLanguage\":\"de\",\"potentialAction\":[{\"@type\":\"ReadAction\",\"target\":[\"https:\\\/\\\/www.uesc-waldmichelbach.de\\\/uesc\\\/erfolg-fuer-u14-des-uesc\\\/\"]}]},{\"@type\":\"ImageObject\",\"inLanguage\":\"de\",\"@id\":\"https:\\\/\\\/www.uesc-waldmichelbach.de\\\/uesc\\\/erfolg-fuer-u14-des-uesc\\\/#primaryimage\",\"url\":\"https:\\\/\\\/www.uesc-waldmichelbach.de\\\/uesc\\\/wp-content\\\/uploads\\\/2018\\\/05\\\/mainMediaSize659x407_typeimage_publishtrue_x00_y02.1_x1100_y197.9_role1_format1.61916461__image.jpg\",\"contentUrl\":\"https:\\\/\\\/www.uesc-waldmichelbach.de\\\/uesc\\\/wp-content\\\/uploads\\\/2018\\\/05\\\/mainMediaSize659x407_typeimage_publishtrue_x00_y02.1_x1100_y197.9_role1_format1.61916461__image.jpg\",\"width\":659,\"height\":408},{\"@type\":\"BreadcrumbList\",\"@id\":\"https:\\\/\\\/www.uesc-waldmichelbach.de\\\/uesc\\\/erfolg-fuer-u14-des-uesc\\\/#breadcrumb\",\"itemListElement\":[{\"@type\":\"ListItem\",\"position\":1,\"name\":\"Startseite\",\"item\":\"https:\\\/\\\/www.uesc-waldmichelbach.de\\\/uesc\\\/\"},{\"@type\":\"ListItem\",\"position\":2,\"name\":\"Erfolg f\u00fcr U14 des \u00dcSC\"}]},{\"@type\":\"WebSite\",\"@id\":\"https:\\\/\\\/www.uesc-waldmichelbach.de\\\/uesc\\\/#website\",\"url\":\"https:\\\/\\\/www.uesc-waldmichelbach.de\\\/uesc\\\/\",\"name\":\"\u00dcberw\u00e4lder Schulsportclub\",\"description\":\"\u00dcberw\u00e4lder Sportverein\",\"publisher\":{\"@id\":\"https:\\\/\\\/www.uesc-waldmichelbach.de\\\/uesc\\\/#organization\"},\"potentialAction\":[{\"@type\":\"SearchAction\",\"target\":{\"@type\":\"EntryPoint\",\"urlTemplate\":\"https:\\\/\\\/www.uesc-waldmichelbach.de\\\/uesc\\\/?s={search_term_string}\"},\"query-input\":{\"@type\":\"PropertyValueSpecification\",\"valueRequired\":true,\"valueName\":\"search_term_string\"}}],\"inLanguage\":\"de\"},{\"@type\":\"Organization\",\"@id\":\"https:\\\/\\\/www.uesc-waldmichelbach.de\\\/uesc\\\/#organization\",\"name\":\"\u00dcberw\u00e4lder Schulsportclub\",\"url\":\"https:\\\/\\\/www.uesc-waldmichelbach.de\\\/uesc\\\/\",\"logo\":{\"@type\":\"ImageObject\",\"inLanguage\":\"de\",\"@id\":\"https:\\\/\\\/www.uesc-waldmichelbach.de\\\/uesc\\\/#\\\/schema\\\/logo\\\/image\\\/\",\"url\":\"https:\\\/\\\/www.uesc-waldmichelbach.de\\\/uesc\\\/wp-content\\\/uploads\\\/2022\\\/10\\\/cropped-UeSC-Logo-Varianten.png\",\"contentUrl\":\"https:\\\/\\\/www.uesc-waldmichelbach.de\\\/uesc\\\/wp-content\\\/uploads\\\/2022\\\/10\\\/cropped-UeSC-Logo-Varianten.png\",\"width\":240,\"height\":258,\"caption\":\"\u00dcberw\u00e4lder Schulsportclub\"},\"image\":{\"@id\":\"https:\\\/\\\/www.uesc-waldmichelbach.de\\\/uesc\\\/#\\\/schema\\\/logo\\\/image\\\/\"},\"sameAs\":[\"https:\\\/\\\/www.facebook.com\\\/UESC.WaldMichelbach\",\"https:\\\/\\\/www.instagram.com\\\/uesc.wamiba\\\/\"]},{\"@type\":\"Person\",\"@id\":\"https:\\\/\\\/www.uesc-waldmichelbach.de\\\/uesc\\\/#\\\/schema\\\/person\\\/ce10cabe00874116b5cd81e4944a3e22\",\"name\":\"Sabrina Kr\u00e4mer\",\"image\":{\"@type\":\"ImageObject\",\"inLanguage\":\"de\",\"@id\":\"https:\\\/\\\/secure.gravatar.com\\\/avatar\\\/60231b4bb897535ea0db01765e5be5e4d6c636434c85fc5984617a2066c1bd38?s=96&d=mm&r=g\",\"url\":\"https:\\\/\\\/secure.gravatar.com\\\/avatar\\\/60231b4bb897535ea0db01765e5be5e4d6c636434c85fc5984617a2066c1bd38?s=96&d=mm&r=g\",\"contentUrl\":\"https:\\\/\\\/secure.gravatar.com\\\/avatar\\\/60231b4bb897535ea0db01765e5be5e4d6c636434c85fc5984617a2066c1bd38?s=96&d=mm&r=g\",\"caption\":\"Sabrina Kr\u00e4mer\"},\"url\":\"https:\\\/\\\/www.uesc-waldmichelbach.de\\\/uesc\\\/author\\\/sabrina\\\/\"}]}<\/script>\n<!-- \/ Yoast SEO plugin. -->","yoast_head_json":{"title":"Erfolg f\u00fcr U14 des \u00dcSC - \u00dcberw\u00e4lder Schulsportclub","robots":{"index":"index","follow":"follow","max-snippet":"max-snippet:-1","max-image-preview":"max-image-preview:large","max-video-preview":"max-video-preview:-1"},"canonical":"https:\/\/www.uesc-waldmichelbach.de\/uesc\/erfolg-fuer-u14-des-uesc\/","og_locale":"de_DE","og_type":"article","og_title":"Erfolg f\u00fcr U14 des \u00dcSC - \u00dcberw\u00e4lder Schulsportclub","og_description":"Es sind einige Jahre vergangen seit den letzten Erfolgen f\u00fcr die m\u00e4nnliche Volleyballjugend des \u00dcSC Wald-Michelbach. Etwas \u00fcberraschend gelang der U14 jetzt der zweite Platz beim Hessischen Jugendpokal in Vellmar. Das erste Spiel sollte f\u00fcr die Endplatzierung bereits entscheidend sein. Gl\u00fccklicherweise kamen die Jungen des DSW Darmstadt nicht gleich auf Touren, so dass sich der [&hellip;]","og_url":"https:\/\/www.uesc-waldmichelbach.de\/uesc\/erfolg-fuer-u14-des-uesc\/","og_site_name":"\u00dcberw\u00e4lder Schulsportclub","article_publisher":"https:\/\/www.facebook.com\/UESC.WaldMichelbach","article_published_time":"2018-05-08T09:47:40+00:00","article_modified_time":"2023-07-22T17:13:47+00:00","og_image":[{"url":"https:\/\/www.uesc-waldmichelbach.de\/uesc\/wp-content\/uploads\/2018\/05\/mainMediaSize659x407_typeimage_publishtrue_x00_y02.1_x1100_y197.9_role1_format1.61916461__image.jpg","type":"","width":"","height":""}],"author":"Sabrina Kr\u00e4mer","twitter_card":"summary_large_image","twitter_misc":{"Verfasst von":"Sabrina Kr\u00e4mer","Gesch\u00e4tzte Lesezeit":"1\u00a0Minute"},"schema":{"@context":"https:\/\/schema.org","@graph":[{"@type":"Article","@id":"https:\/\/www.uesc-waldmichelbach.de\/uesc\/erfolg-fuer-u14-des-uesc\/#article","isPartOf":{"@id":"https:\/\/www.uesc-waldmichelbach.de\/uesc\/erfolg-fuer-u14-des-uesc\/"},"author":{"name":"Sabrina Kr\u00e4mer","@id":"https:\/\/www.uesc-waldmichelbach.de\/uesc\/#\/schema\/person\/ce10cabe00874116b5cd81e4944a3e22"},"headline":"Erfolg f\u00fcr U14 des \u00dcSC","datePublished":"2018-05-08T09:47:40+00:00","dateModified":"2023-07-22T17:13:47+00:00","mainEntityOfPage":{"@id":"https:\/\/www.uesc-waldmichelbach.de\/uesc\/erfolg-fuer-u14-des-uesc\/"},"wordCount":174,"commentCount":0,"publisher":{"@id":"https:\/\/www.uesc-waldmichelbach.de\/uesc\/#organization"},"image":{"@id":"https:\/\/www.uesc-waldmichelbach.de\/uesc\/erfolg-fuer-u14-des-uesc\/#primaryimage"},"thumbnailUrl":"https:\/\/www.uesc-waldmichelbach.de\/uesc\/wp-content\/uploads\/2018\/05\/mainMediaSize659x407_typeimage_publishtrue_x00_y02.1_x1100_y197.9_role1_format1.61916461__image.jpg","inLanguage":"de","potentialAction":[{"@type":"CommentAction","name":"Comment","target":["https:\/\/www.uesc-waldmichelbach.de\/uesc\/erfolg-fuer-u14-des-uesc\/#respond"]}]},{"@type":"WebPage","@id":"https:\/\/www.uesc-waldmichelbach.de\/uesc\/erfolg-fuer-u14-des-uesc\/","url":"https:\/\/www.uesc-waldmichelbach.de\/uesc\/erfolg-fuer-u14-des-uesc\/","name":"Erfolg f\u00fcr U14 des \u00dcSC - \u00dcberw\u00e4lder Schulsportclub","isPartOf":{"@id":"https:\/\/www.uesc-waldmichelbach.de\/uesc\/#website"},"primaryImageOfPage":{"@id":"https:\/\/www.uesc-waldmichelbach.de\/uesc\/erfolg-fuer-u14-des-uesc\/#primaryimage"},"image":{"@id":"https:\/\/www.uesc-waldmichelbach.de\/uesc\/erfolg-fuer-u14-des-uesc\/#primaryimage"},"thumbnailUrl":"https:\/\/www.uesc-waldmichelbach.de\/uesc\/wp-content\/uploads\/2018\/05\/mainMediaSize659x407_typeimage_publishtrue_x00_y02.1_x1100_y197.9_role1_format1.61916461__image.jpg","datePublished":"2018-05-08T09:47:40+00:00","dateModified":"2023-07-22T17:13:47+00:00","breadcrumb":{"@id":"https:\/\/www.uesc-waldmichelbach.de\/uesc\/erfolg-fuer-u14-des-uesc\/#breadcrumb"},"inLanguage":"de","potentialAction":[{"@type":"ReadAction","target":["https:\/\/www.uesc-waldmichelbach.de\/uesc\/erfolg-fuer-u14-des-uesc\/"]}]},{"@type":"ImageObject","inLanguage":"de","@id":"https:\/\/www.uesc-waldmichelbach.de\/uesc\/erfolg-fuer-u14-des-uesc\/#primaryimage","url":"https:\/\/www.uesc-waldmichelbach.de\/uesc\/wp-content\/uploads\/2018\/05\/mainMediaSize659x407_typeimage_publishtrue_x00_y02.1_x1100_y197.9_role1_format1.61916461__image.jpg","contentUrl":"https:\/\/www.uesc-waldmichelbach.de\/uesc\/wp-content\/uploads\/2018\/05\/mainMediaSize659x407_typeimage_publishtrue_x00_y02.1_x1100_y197.9_role1_format1.61916461__image.jpg","width":659,"height":408},{"@type":"BreadcrumbList","@id":"https:\/\/www.uesc-waldmichelbach.de\/uesc\/erfolg-fuer-u14-des-uesc\/#breadcrumb","itemListElement":[{"@type":"ListItem","position":1,"name":"Startseite","item":"https:\/\/www.uesc-waldmichelbach.de\/uesc\/"},{"@type":"ListItem","position":2,"name":"Erfolg f\u00fcr U14 des \u00dcSC"}]},{"@type":"WebSite","@id":"https:\/\/www.uesc-waldmichelbach.de\/uesc\/#website","url":"https:\/\/www.uesc-waldmichelbach.de\/uesc\/","name":"\u00dcberw\u00e4lder Schulsportclub","description":"\u00dcberw\u00e4lder Sportverein","publisher":{"@id":"https:\/\/www.uesc-waldmichelbach.de\/uesc\/#organization"},"potentialAction":[{"@type":"SearchAction","target":{"@type":"EntryPoint","urlTemplate":"https:\/\/www.uesc-waldmichelbach.de\/uesc\/?s={search_term_string}"},"query-input":{"@type":"PropertyValueSpecification","valueRequired":true,"valueName":"search_term_string"}}],"inLanguage":"de"},{"@type":"Organization","@id":"https:\/\/www.uesc-waldmichelbach.de\/uesc\/#organization","name":"\u00dcberw\u00e4lder Schulsportclub","url":"https:\/\/www.uesc-waldmichelbach.de\/uesc\/","logo":{"@type":"ImageObject","inLanguage":"de","@id":"https:\/\/www.uesc-waldmichelbach.de\/uesc\/#\/schema\/logo\/image\/","url":"https:\/\/www.uesc-waldmichelbach.de\/uesc\/wp-content\/uploads\/2022\/10\/cropped-UeSC-Logo-Varianten.png","contentUrl":"https:\/\/www.uesc-waldmichelbach.de\/uesc\/wp-content\/uploads\/2022\/10\/cropped-UeSC-Logo-Varianten.png","width":240,"height":258,"caption":"\u00dcberw\u00e4lder Schulsportclub"},"image":{"@id":"https:\/\/www.uesc-waldmichelbach.de\/uesc\/#\/schema\/logo\/image\/"},"sameAs":["https:\/\/www.facebook.com\/UESC.WaldMichelbach","https:\/\/www.instagram.com\/uesc.wamiba\/"]},{"@type":"Person","@id":"https:\/\/www.uesc-waldmichelbach.de\/uesc\/#\/schema\/person\/ce10cabe00874116b5cd81e4944a3e22","name":"Sabrina Kr\u00e4mer","image":{"@type":"ImageObject","inLanguage":"de","@id":"https:\/\/secure.gravatar.com\/avatar\/60231b4bb897535ea0db01765e5be5e4d6c636434c85fc5984617a2066c1bd38?s=96&d=mm&r=g","url":"https:\/\/secure.gravatar.com\/avatar\/60231b4bb897535ea0db01765e5be5e4d6c636434c85fc5984617a2066c1bd38?s=96&d=mm&r=g","contentUrl":"https:\/\/secure.gravatar.com\/avatar\/60231b4bb897535ea0db01765e5be5e4d6c636434c85fc5984617a2066c1bd38?s=96&d=mm&r=g","caption":"Sabrina Kr\u00e4mer"},"url":"https:\/\/www.uesc-waldmichelbach.de\/uesc\/author\/sabrina\/"}]}},"_links":{"self":[{"href":"https:\/\/www.uesc-waldmichelbach.de\/uesc\/wp-json\/wp\/v2\/posts\/818","targetHints":{"allow":["GET"]}}],"collection":[{"href":"https:\/\/www.uesc-waldmichelbach.de\/uesc\/wp-json\/wp\/v2\/posts"}],"about":[{"href":"https:\/\/www.uesc-waldmichelbach.de\/uesc\/wp-json\/wp\/v2\/types\/post"}],"author":[{"embeddable":true,"href":"https:\/\/www.uesc-waldmichelbach.de\/uesc\/wp-json\/wp\/v2\/users\/8"}],"replies":[{"embeddable":true,"href":"https:\/\/www.uesc-waldmichelbach.de\/uesc\/wp-json\/wp\/v2\/comments?post=818"}],"version-history":[{"count":2,"href":"https:\/\/www.uesc-waldmichelbach.de\/uesc\/wp-json\/wp\/v2\/posts\/818\/revisions"}],"predecessor-version":[{"id":2109,"href":"https:\/\/www.uesc-waldmichelbach.de\/uesc\/wp-json\/wp\/v2\/posts\/818\/revisions\/2109"}],"wp:attachment":[{"href":"https:\/\/www.uesc-waldmichelbach.de\/uesc\/wp-json\/wp\/v2\/media?parent=818"}],"wp:term":[{"taxonomy":"category","embeddable":true,"href":"https:\/\/www.uesc-waldmichelbach.de\/uesc\/wp-json\/wp\/v2\/categories?post=818"},{"taxonomy":"post_tag","embeddable":true,"href":"https:\/\/www.uesc-waldmichelbach.de\/uesc\/wp-json\/wp\/v2\/tags?post=818"}],"curies":[{"name":"wp","href":"https:\/\/api.w.org\/{rel}","templated":true}]}}