{"id":788,"date":"2018-02-08T15:00:46","date_gmt":"2018-02-08T13:00:46","guid":{"rendered":"http:\/\/www.uesc-waldmichelbach.de\/uesc\/?p=788"},"modified":"2023-07-22T19:05:45","modified_gmt":"2023-07-22T17:05:45","slug":"u16-maedels-des-uescs-qualifizieren-sich-fuer-die-hessischen-meisterschaften","status":"publish","type":"post","link":"https:\/\/www.uesc-waldmichelbach.de\/uesc\/u16-maedels-des-uescs-qualifizieren-sich-fuer-die-hessischen-meisterschaften\/","title":{"rendered":"U16 M\u00e4dels des \u00dcSCs qualifizieren sich f\u00fcr die Hessischen Meisterschaften"},"content":{"rendered":"<table border=\"0\" width=\"950\" cellspacing=\"0\" cellpadding=\"0\">\n<tbody>\n<tr>\n<td valign=\"top\" width=\"565\">\n<table border=\"0\" width=\"565\" cellspacing=\"0\" cellpadding=\"0\">\n<tbody>\n<tr>\n<td><img decoding=\"async\" src=\"http:\/\/hessen-volley.de\/images\/leer.gif\" width=\"1\" height=\"10\" \/><\/p>\n<h1>Bad Soden: die letzten beiden Pl\u00e4tze f\u00fcr die HM U16 w sind vergeben<\/h1>\n<table border=\"0\" width=\"100%\" cellspacing=\"0\" cellpadding=\"0\">\n<tbody>\n<tr>\n<td colspan=\"2\" valign=\"top\">Am Samstag, 3. Februar spielten f\u00fcnf Landesliga Teams in Bad Soden um zwei freie Pl\u00e4tze bei der Hessenmeisterschaft am 3. M\u00e4rz 2018. Nach dem R\u00fcckzug der VGG Gelnhausen wurde das Qualifikationstunrier im Modus &#8222;jeder gegen jeden&#8220; gespielt.<\/p>\n<p>Die TG Bad Soden kristallisierte sich am Ende als der souver\u00e4ne Sieger heraus. Die Youngsters des Gastgebers mussten nur gegen den VC Wiesbaden III in die Verl\u00e4ngerung und gewannen alle vier Spiele.<\/p>\n<p>Dahinter konnte eigentlich jeder jeden schlagen. Lachender und gl\u00fccklicher Zweiter und damit ebenfalls f\u00fcr die Hessenmeisterschaft U16 qualifiziert, wurde das Teams vom \u00dcSC Wald-Michelbach. Punktgleich war die TG R\u00fcsselsheim, die allerdings mit dem schw\u00e4cheren Satzverh\u00e4ltnis auf Platz drei landete. Auch die Teams von der VSG Gro\u00dfenl\u00fcder\/H\u00fcnfeld und dem VC Wiesbaden III \u00fcberzeugten und beendeten die Qualifikation auf den Pl\u00e4tzen vier und f\u00fcnf.<\/p>\n<p><b>Endstand U16w HM Qualifikationsturnier<\/b><\/p>\n<p>1. <b>TG Bad Soden I<\/b>\u00a0(Foto)<br \/>\n2. <b>\u00dcSC Wald-Michelbach<\/b><br \/>\n3. TG R\u00fcsselsheim<br \/>\n4. VSG Gro\u00dfenl\/H\u00fcnfeld<br \/>\n5. VC Wiesbaden III<\/p>\n<ul>\n<li>Bericht\/Fotos: Steffen Pfeiffer<\/li>\n<\/ul>\n<\/td>\n<\/tr>\n<\/tbody>\n<\/table>\n<\/td>\n<\/tr>\n<\/tbody>\n<\/table>\n<\/td>\n<\/tr>\n<\/tbody>\n<\/table>\n","protected":false},"excerpt":{"rendered":"<p>Bad Soden: die letzten beiden Pl\u00e4tze f\u00fcr die HM U16 w sind vergeben Am Samstag, 3. Februar spielten f\u00fcnf Landesliga Teams in Bad Soden um zwei freie Pl\u00e4tze bei der Hessenmeisterschaft am 3. M\u00e4rz 2018. Nach dem R\u00fcckzug der VGG Gelnhausen wurde das Qualifikationstunrier im Modus &#8222;jeder gegen jeden&#8220; gespielt. Die TG Bad Soden kristallisierte [&hellip;]<\/p>\n","protected":false},"author":8,"featured_media":0,"comment_status":"open","ping_status":"open","sticky":false,"template":"","format":"standard","meta":{"footnotes":""},"categories":[1],"tags":[],"class_list":["post-788","post","type-post","status-publish","format-standard","hentry","category-allgemein"],"yoast_head":"<!-- This site is optimized with the Yoast SEO plugin v27.4 - https:\/\/yoast.com\/product\/yoast-seo-wordpress\/ -->\n<title>U16 M\u00e4dels des \u00dcSCs qualifizieren sich f\u00fcr die Hessischen Meisterschaften - \u00dcberw\u00e4lder Schulsportclub<\/title>\n<meta name=\"robots\" content=\"index, follow, max-snippet:-1, max-image-preview:large, max-video-preview:-1\" \/>\n<link rel=\"canonical\" href=\"https:\/\/www.uesc-waldmichelbach.de\/uesc\/u16-maedels-des-uescs-qualifizieren-sich-fuer-die-hessischen-meisterschaften\/\" \/>\n<meta property=\"og:locale\" content=\"de_DE\" \/>\n<meta property=\"og:type\" content=\"article\" \/>\n<meta property=\"og:title\" content=\"U16 M\u00e4dels des \u00dcSCs qualifizieren sich f\u00fcr die Hessischen Meisterschaften - \u00dcberw\u00e4lder Schulsportclub\" \/>\n<meta property=\"og:description\" content=\"Bad Soden: die letzten beiden Pl\u00e4tze f\u00fcr die HM U16 w sind vergeben Am Samstag, 3. Februar spielten f\u00fcnf Landesliga Teams in Bad Soden um zwei freie Pl\u00e4tze bei der Hessenmeisterschaft am 3. M\u00e4rz 2018. Nach dem R\u00fcckzug der VGG Gelnhausen wurde das Qualifikationstunrier im Modus &#8222;jeder gegen jeden&#8220; gespielt. Die TG Bad Soden kristallisierte [&hellip;]\" \/>\n<meta property=\"og:url\" content=\"https:\/\/www.uesc-waldmichelbach.de\/uesc\/u16-maedels-des-uescs-qualifizieren-sich-fuer-die-hessischen-meisterschaften\/\" \/>\n<meta property=\"og:site_name\" content=\"\u00dcberw\u00e4lder Schulsportclub\" \/>\n<meta property=\"article:publisher\" content=\"https:\/\/www.facebook.com\/UESC.WaldMichelbach\" \/>\n<meta property=\"article:published_time\" content=\"2018-02-08T13:00:46+00:00\" \/>\n<meta property=\"article:modified_time\" content=\"2023-07-22T17:05:45+00:00\" \/>\n<meta property=\"og:image\" content=\"http:\/\/hessen-volley.de\/images\/leer.gif\" \/>\n<meta name=\"author\" content=\"Sabrina Kr\u00e4mer\" \/>\n<meta name=\"twitter:card\" content=\"summary_large_image\" \/>\n<meta name=\"twitter:label1\" content=\"Verfasst von\" \/>\n\t<meta name=\"twitter:data1\" content=\"Sabrina Kr\u00e4mer\" \/>\n\t<meta name=\"twitter:label2\" content=\"Gesch\u00e4tzte Lesezeit\" \/>\n\t<meta name=\"twitter:data2\" content=\"1\u00a0Minute\" \/>\n<script type=\"application\/ld+json\" class=\"yoast-schema-graph\">{\"@context\":\"https:\\\/\\\/schema.org\",\"@graph\":[{\"@type\":\"Article\",\"@id\":\"https:\\\/\\\/www.uesc-waldmichelbach.de\\\/uesc\\\/u16-maedels-des-uescs-qualifizieren-sich-fuer-die-hessischen-meisterschaften\\\/#article\",\"isPartOf\":{\"@id\":\"https:\\\/\\\/www.uesc-waldmichelbach.de\\\/uesc\\\/u16-maedels-des-uescs-qualifizieren-sich-fuer-die-hessischen-meisterschaften\\\/\"},\"author\":{\"name\":\"Sabrina Kr\u00e4mer\",\"@id\":\"https:\\\/\\\/www.uesc-waldmichelbach.de\\\/uesc\\\/#\\\/schema\\\/person\\\/ce10cabe00874116b5cd81e4944a3e22\"},\"headline\":\"U16 M\u00e4dels des \u00dcSCs qualifizieren sich f\u00fcr die Hessischen Meisterschaften\",\"datePublished\":\"2018-02-08T13:00:46+00:00\",\"dateModified\":\"2023-07-22T17:05:45+00:00\",\"mainEntityOfPage\":{\"@id\":\"https:\\\/\\\/www.uesc-waldmichelbach.de\\\/uesc\\\/u16-maedels-des-uescs-qualifizieren-sich-fuer-die-hessischen-meisterschaften\\\/\"},\"wordCount\":199,\"commentCount\":0,\"publisher\":{\"@id\":\"https:\\\/\\\/www.uesc-waldmichelbach.de\\\/uesc\\\/#organization\"},\"image\":{\"@id\":\"https:\\\/\\\/www.uesc-waldmichelbach.de\\\/uesc\\\/u16-maedels-des-uescs-qualifizieren-sich-fuer-die-hessischen-meisterschaften\\\/#primaryimage\"},\"thumbnailUrl\":\"http:\\\/\\\/hessen-volley.de\\\/images\\\/leer.gif\",\"inLanguage\":\"de\",\"potentialAction\":[{\"@type\":\"CommentAction\",\"name\":\"Comment\",\"target\":[\"https:\\\/\\\/www.uesc-waldmichelbach.de\\\/uesc\\\/u16-maedels-des-uescs-qualifizieren-sich-fuer-die-hessischen-meisterschaften\\\/#respond\"]}]},{\"@type\":\"WebPage\",\"@id\":\"https:\\\/\\\/www.uesc-waldmichelbach.de\\\/uesc\\\/u16-maedels-des-uescs-qualifizieren-sich-fuer-die-hessischen-meisterschaften\\\/\",\"url\":\"https:\\\/\\\/www.uesc-waldmichelbach.de\\\/uesc\\\/u16-maedels-des-uescs-qualifizieren-sich-fuer-die-hessischen-meisterschaften\\\/\",\"name\":\"U16 M\u00e4dels des \u00dcSCs qualifizieren sich f\u00fcr die Hessischen Meisterschaften - \u00dcberw\u00e4lder Schulsportclub\",\"isPartOf\":{\"@id\":\"https:\\\/\\\/www.uesc-waldmichelbach.de\\\/uesc\\\/#website\"},\"primaryImageOfPage\":{\"@id\":\"https:\\\/\\\/www.uesc-waldmichelbach.de\\\/uesc\\\/u16-maedels-des-uescs-qualifizieren-sich-fuer-die-hessischen-meisterschaften\\\/#primaryimage\"},\"image\":{\"@id\":\"https:\\\/\\\/www.uesc-waldmichelbach.de\\\/uesc\\\/u16-maedels-des-uescs-qualifizieren-sich-fuer-die-hessischen-meisterschaften\\\/#primaryimage\"},\"thumbnailUrl\":\"http:\\\/\\\/hessen-volley.de\\\/images\\\/leer.gif\",\"datePublished\":\"2018-02-08T13:00:46+00:00\",\"dateModified\":\"2023-07-22T17:05:45+00:00\",\"breadcrumb\":{\"@id\":\"https:\\\/\\\/www.uesc-waldmichelbach.de\\\/uesc\\\/u16-maedels-des-uescs-qualifizieren-sich-fuer-die-hessischen-meisterschaften\\\/#breadcrumb\"},\"inLanguage\":\"de\",\"potentialAction\":[{\"@type\":\"ReadAction\",\"target\":[\"https:\\\/\\\/www.uesc-waldmichelbach.de\\\/uesc\\\/u16-maedels-des-uescs-qualifizieren-sich-fuer-die-hessischen-meisterschaften\\\/\"]}]},{\"@type\":\"ImageObject\",\"inLanguage\":\"de\",\"@id\":\"https:\\\/\\\/www.uesc-waldmichelbach.de\\\/uesc\\\/u16-maedels-des-uescs-qualifizieren-sich-fuer-die-hessischen-meisterschaften\\\/#primaryimage\",\"url\":\"http:\\\/\\\/hessen-volley.de\\\/images\\\/leer.gif\",\"contentUrl\":\"http:\\\/\\\/hessen-volley.de\\\/images\\\/leer.gif\"},{\"@type\":\"BreadcrumbList\",\"@id\":\"https:\\\/\\\/www.uesc-waldmichelbach.de\\\/uesc\\\/u16-maedels-des-uescs-qualifizieren-sich-fuer-die-hessischen-meisterschaften\\\/#breadcrumb\",\"itemListElement\":[{\"@type\":\"ListItem\",\"position\":1,\"name\":\"Startseite\",\"item\":\"https:\\\/\\\/www.uesc-waldmichelbach.de\\\/uesc\\\/\"},{\"@type\":\"ListItem\",\"position\":2,\"name\":\"U16 M\u00e4dels des \u00dcSCs qualifizieren sich f\u00fcr die Hessischen Meisterschaften\"}]},{\"@type\":\"WebSite\",\"@id\":\"https:\\\/\\\/www.uesc-waldmichelbach.de\\\/uesc\\\/#website\",\"url\":\"https:\\\/\\\/www.uesc-waldmichelbach.de\\\/uesc\\\/\",\"name\":\"\u00dcberw\u00e4lder Schulsportclub\",\"description\":\"\u00dcberw\u00e4lder Sportverein\",\"publisher\":{\"@id\":\"https:\\\/\\\/www.uesc-waldmichelbach.de\\\/uesc\\\/#organization\"},\"potentialAction\":[{\"@type\":\"SearchAction\",\"target\":{\"@type\":\"EntryPoint\",\"urlTemplate\":\"https:\\\/\\\/www.uesc-waldmichelbach.de\\\/uesc\\\/?s={search_term_string}\"},\"query-input\":{\"@type\":\"PropertyValueSpecification\",\"valueRequired\":true,\"valueName\":\"search_term_string\"}}],\"inLanguage\":\"de\"},{\"@type\":\"Organization\",\"@id\":\"https:\\\/\\\/www.uesc-waldmichelbach.de\\\/uesc\\\/#organization\",\"name\":\"\u00dcberw\u00e4lder Schulsportclub\",\"url\":\"https:\\\/\\\/www.uesc-waldmichelbach.de\\\/uesc\\\/\",\"logo\":{\"@type\":\"ImageObject\",\"inLanguage\":\"de\",\"@id\":\"https:\\\/\\\/www.uesc-waldmichelbach.de\\\/uesc\\\/#\\\/schema\\\/logo\\\/image\\\/\",\"url\":\"https:\\\/\\\/www.uesc-waldmichelbach.de\\\/uesc\\\/wp-content\\\/uploads\\\/2022\\\/10\\\/cropped-UeSC-Logo-Varianten.png\",\"contentUrl\":\"https:\\\/\\\/www.uesc-waldmichelbach.de\\\/uesc\\\/wp-content\\\/uploads\\\/2022\\\/10\\\/cropped-UeSC-Logo-Varianten.png\",\"width\":240,\"height\":258,\"caption\":\"\u00dcberw\u00e4lder Schulsportclub\"},\"image\":{\"@id\":\"https:\\\/\\\/www.uesc-waldmichelbach.de\\\/uesc\\\/#\\\/schema\\\/logo\\\/image\\\/\"},\"sameAs\":[\"https:\\\/\\\/www.facebook.com\\\/UESC.WaldMichelbach\",\"https:\\\/\\\/www.instagram.com\\\/uesc.wamiba\\\/\"]},{\"@type\":\"Person\",\"@id\":\"https:\\\/\\\/www.uesc-waldmichelbach.de\\\/uesc\\\/#\\\/schema\\\/person\\\/ce10cabe00874116b5cd81e4944a3e22\",\"name\":\"Sabrina Kr\u00e4mer\",\"image\":{\"@type\":\"ImageObject\",\"inLanguage\":\"de\",\"@id\":\"https:\\\/\\\/secure.gravatar.com\\\/avatar\\\/60231b4bb897535ea0db01765e5be5e4d6c636434c85fc5984617a2066c1bd38?s=96&d=mm&r=g\",\"url\":\"https:\\\/\\\/secure.gravatar.com\\\/avatar\\\/60231b4bb897535ea0db01765e5be5e4d6c636434c85fc5984617a2066c1bd38?s=96&d=mm&r=g\",\"contentUrl\":\"https:\\\/\\\/secure.gravatar.com\\\/avatar\\\/60231b4bb897535ea0db01765e5be5e4d6c636434c85fc5984617a2066c1bd38?s=96&d=mm&r=g\",\"caption\":\"Sabrina Kr\u00e4mer\"},\"url\":\"https:\\\/\\\/www.uesc-waldmichelbach.de\\\/uesc\\\/author\\\/sabrina\\\/\"}]}<\/script>\n<!-- \/ Yoast SEO plugin. -->","yoast_head_json":{"title":"U16 M\u00e4dels des \u00dcSCs qualifizieren sich f\u00fcr die Hessischen Meisterschaften - \u00dcberw\u00e4lder Schulsportclub","robots":{"index":"index","follow":"follow","max-snippet":"max-snippet:-1","max-image-preview":"max-image-preview:large","max-video-preview":"max-video-preview:-1"},"canonical":"https:\/\/www.uesc-waldmichelbach.de\/uesc\/u16-maedels-des-uescs-qualifizieren-sich-fuer-die-hessischen-meisterschaften\/","og_locale":"de_DE","og_type":"article","og_title":"U16 M\u00e4dels des \u00dcSCs qualifizieren sich f\u00fcr die Hessischen Meisterschaften - \u00dcberw\u00e4lder Schulsportclub","og_description":"Bad Soden: die letzten beiden Pl\u00e4tze f\u00fcr die HM U16 w sind vergeben Am Samstag, 3. Februar spielten f\u00fcnf Landesliga Teams in Bad Soden um zwei freie Pl\u00e4tze bei der Hessenmeisterschaft am 3. M\u00e4rz 2018. Nach dem R\u00fcckzug der VGG Gelnhausen wurde das Qualifikationstunrier im Modus &#8222;jeder gegen jeden&#8220; gespielt. Die TG Bad Soden kristallisierte [&hellip;]","og_url":"https:\/\/www.uesc-waldmichelbach.de\/uesc\/u16-maedels-des-uescs-qualifizieren-sich-fuer-die-hessischen-meisterschaften\/","og_site_name":"\u00dcberw\u00e4lder Schulsportclub","article_publisher":"https:\/\/www.facebook.com\/UESC.WaldMichelbach","article_published_time":"2018-02-08T13:00:46+00:00","article_modified_time":"2023-07-22T17:05:45+00:00","og_image":[{"url":"http:\/\/hessen-volley.de\/images\/leer.gif","type":"","width":"","height":""}],"author":"Sabrina Kr\u00e4mer","twitter_card":"summary_large_image","twitter_misc":{"Verfasst von":"Sabrina Kr\u00e4mer","Gesch\u00e4tzte Lesezeit":"1\u00a0Minute"},"schema":{"@context":"https:\/\/schema.org","@graph":[{"@type":"Article","@id":"https:\/\/www.uesc-waldmichelbach.de\/uesc\/u16-maedels-des-uescs-qualifizieren-sich-fuer-die-hessischen-meisterschaften\/#article","isPartOf":{"@id":"https:\/\/www.uesc-waldmichelbach.de\/uesc\/u16-maedels-des-uescs-qualifizieren-sich-fuer-die-hessischen-meisterschaften\/"},"author":{"name":"Sabrina Kr\u00e4mer","@id":"https:\/\/www.uesc-waldmichelbach.de\/uesc\/#\/schema\/person\/ce10cabe00874116b5cd81e4944a3e22"},"headline":"U16 M\u00e4dels des \u00dcSCs qualifizieren sich f\u00fcr die Hessischen Meisterschaften","datePublished":"2018-02-08T13:00:46+00:00","dateModified":"2023-07-22T17:05:45+00:00","mainEntityOfPage":{"@id":"https:\/\/www.uesc-waldmichelbach.de\/uesc\/u16-maedels-des-uescs-qualifizieren-sich-fuer-die-hessischen-meisterschaften\/"},"wordCount":199,"commentCount":0,"publisher":{"@id":"https:\/\/www.uesc-waldmichelbach.de\/uesc\/#organization"},"image":{"@id":"https:\/\/www.uesc-waldmichelbach.de\/uesc\/u16-maedels-des-uescs-qualifizieren-sich-fuer-die-hessischen-meisterschaften\/#primaryimage"},"thumbnailUrl":"http:\/\/hessen-volley.de\/images\/leer.gif","inLanguage":"de","potentialAction":[{"@type":"CommentAction","name":"Comment","target":["https:\/\/www.uesc-waldmichelbach.de\/uesc\/u16-maedels-des-uescs-qualifizieren-sich-fuer-die-hessischen-meisterschaften\/#respond"]}]},{"@type":"WebPage","@id":"https:\/\/www.uesc-waldmichelbach.de\/uesc\/u16-maedels-des-uescs-qualifizieren-sich-fuer-die-hessischen-meisterschaften\/","url":"https:\/\/www.uesc-waldmichelbach.de\/uesc\/u16-maedels-des-uescs-qualifizieren-sich-fuer-die-hessischen-meisterschaften\/","name":"U16 M\u00e4dels des \u00dcSCs qualifizieren sich f\u00fcr die Hessischen Meisterschaften - \u00dcberw\u00e4lder Schulsportclub","isPartOf":{"@id":"https:\/\/www.uesc-waldmichelbach.de\/uesc\/#website"},"primaryImageOfPage":{"@id":"https:\/\/www.uesc-waldmichelbach.de\/uesc\/u16-maedels-des-uescs-qualifizieren-sich-fuer-die-hessischen-meisterschaften\/#primaryimage"},"image":{"@id":"https:\/\/www.uesc-waldmichelbach.de\/uesc\/u16-maedels-des-uescs-qualifizieren-sich-fuer-die-hessischen-meisterschaften\/#primaryimage"},"thumbnailUrl":"http:\/\/hessen-volley.de\/images\/leer.gif","datePublished":"2018-02-08T13:00:46+00:00","dateModified":"2023-07-22T17:05:45+00:00","breadcrumb":{"@id":"https:\/\/www.uesc-waldmichelbach.de\/uesc\/u16-maedels-des-uescs-qualifizieren-sich-fuer-die-hessischen-meisterschaften\/#breadcrumb"},"inLanguage":"de","potentialAction":[{"@type":"ReadAction","target":["https:\/\/www.uesc-waldmichelbach.de\/uesc\/u16-maedels-des-uescs-qualifizieren-sich-fuer-die-hessischen-meisterschaften\/"]}]},{"@type":"ImageObject","inLanguage":"de","@id":"https:\/\/www.uesc-waldmichelbach.de\/uesc\/u16-maedels-des-uescs-qualifizieren-sich-fuer-die-hessischen-meisterschaften\/#primaryimage","url":"http:\/\/hessen-volley.de\/images\/leer.gif","contentUrl":"http:\/\/hessen-volley.de\/images\/leer.gif"},{"@type":"BreadcrumbList","@id":"https:\/\/www.uesc-waldmichelbach.de\/uesc\/u16-maedels-des-uescs-qualifizieren-sich-fuer-die-hessischen-meisterschaften\/#breadcrumb","itemListElement":[{"@type":"ListItem","position":1,"name":"Startseite","item":"https:\/\/www.uesc-waldmichelbach.de\/uesc\/"},{"@type":"ListItem","position":2,"name":"U16 M\u00e4dels des \u00dcSCs qualifizieren sich f\u00fcr die Hessischen Meisterschaften"}]},{"@type":"WebSite","@id":"https:\/\/www.uesc-waldmichelbach.de\/uesc\/#website","url":"https:\/\/www.uesc-waldmichelbach.de\/uesc\/","name":"\u00dcberw\u00e4lder Schulsportclub","description":"\u00dcberw\u00e4lder Sportverein","publisher":{"@id":"https:\/\/www.uesc-waldmichelbach.de\/uesc\/#organization"},"potentialAction":[{"@type":"SearchAction","target":{"@type":"EntryPoint","urlTemplate":"https:\/\/www.uesc-waldmichelbach.de\/uesc\/?s={search_term_string}"},"query-input":{"@type":"PropertyValueSpecification","valueRequired":true,"valueName":"search_term_string"}}],"inLanguage":"de"},{"@type":"Organization","@id":"https:\/\/www.uesc-waldmichelbach.de\/uesc\/#organization","name":"\u00dcberw\u00e4lder Schulsportclub","url":"https:\/\/www.uesc-waldmichelbach.de\/uesc\/","logo":{"@type":"ImageObject","inLanguage":"de","@id":"https:\/\/www.uesc-waldmichelbach.de\/uesc\/#\/schema\/logo\/image\/","url":"https:\/\/www.uesc-waldmichelbach.de\/uesc\/wp-content\/uploads\/2022\/10\/cropped-UeSC-Logo-Varianten.png","contentUrl":"https:\/\/www.uesc-waldmichelbach.de\/uesc\/wp-content\/uploads\/2022\/10\/cropped-UeSC-Logo-Varianten.png","width":240,"height":258,"caption":"\u00dcberw\u00e4lder Schulsportclub"},"image":{"@id":"https:\/\/www.uesc-waldmichelbach.de\/uesc\/#\/schema\/logo\/image\/"},"sameAs":["https:\/\/www.facebook.com\/UESC.WaldMichelbach","https:\/\/www.instagram.com\/uesc.wamiba\/"]},{"@type":"Person","@id":"https:\/\/www.uesc-waldmichelbach.de\/uesc\/#\/schema\/person\/ce10cabe00874116b5cd81e4944a3e22","name":"Sabrina Kr\u00e4mer","image":{"@type":"ImageObject","inLanguage":"de","@id":"https:\/\/secure.gravatar.com\/avatar\/60231b4bb897535ea0db01765e5be5e4d6c636434c85fc5984617a2066c1bd38?s=96&d=mm&r=g","url":"https:\/\/secure.gravatar.com\/avatar\/60231b4bb897535ea0db01765e5be5e4d6c636434c85fc5984617a2066c1bd38?s=96&d=mm&r=g","contentUrl":"https:\/\/secure.gravatar.com\/avatar\/60231b4bb897535ea0db01765e5be5e4d6c636434c85fc5984617a2066c1bd38?s=96&d=mm&r=g","caption":"Sabrina Kr\u00e4mer"},"url":"https:\/\/www.uesc-waldmichelbach.de\/uesc\/author\/sabrina\/"}]}},"_links":{"self":[{"href":"https:\/\/www.uesc-waldmichelbach.de\/uesc\/wp-json\/wp\/v2\/posts\/788","targetHints":{"allow":["GET"]}}],"collection":[{"href":"https:\/\/www.uesc-waldmichelbach.de\/uesc\/wp-json\/wp\/v2\/posts"}],"about":[{"href":"https:\/\/www.uesc-waldmichelbach.de\/uesc\/wp-json\/wp\/v2\/types\/post"}],"author":[{"embeddable":true,"href":"https:\/\/www.uesc-waldmichelbach.de\/uesc\/wp-json\/wp\/v2\/users\/8"}],"replies":[{"embeddable":true,"href":"https:\/\/www.uesc-waldmichelbach.de\/uesc\/wp-json\/wp\/v2\/comments?post=788"}],"version-history":[{"count":2,"href":"https:\/\/www.uesc-waldmichelbach.de\/uesc\/wp-json\/wp\/v2\/posts\/788\/revisions"}],"predecessor-version":[{"id":2104,"href":"https:\/\/www.uesc-waldmichelbach.de\/uesc\/wp-json\/wp\/v2\/posts\/788\/revisions\/2104"}],"wp:attachment":[{"href":"https:\/\/www.uesc-waldmichelbach.de\/uesc\/wp-json\/wp\/v2\/media?parent=788"}],"wp:term":[{"taxonomy":"category","embeddable":true,"href":"https:\/\/www.uesc-waldmichelbach.de\/uesc\/wp-json\/wp\/v2\/categories?post=788"},{"taxonomy":"post_tag","embeddable":true,"href":"https:\/\/www.uesc-waldmichelbach.de\/uesc\/wp-json\/wp\/v2\/tags?post=788"}],"curies":[{"name":"wp","href":"https:\/\/api.w.org\/{rel}","templated":true}]}}