{"id":689,"date":"2017-05-03T08:49:53","date_gmt":"2017-05-03T06:49:53","guid":{"rendered":"http:\/\/www.uesc-waldmichelbach.de\/uesc\/?p=689"},"modified":"2018-07-01T23:02:59","modified_gmt":"2018-07-01T21:02:59","slug":"uesc-frauen-verpassen-den-aufstieg","status":"publish","type":"post","link":"https:\/\/www.uesc-waldmichelbach.de\/uesc\/uesc-frauen-verpassen-den-aufstieg\/","title":{"rendered":"\u00dcSC-Frauen verpassen den Aufstieg"},"content":{"rendered":"<div class=\"article_story\">\n<p class=\"contextmenu internal_TextSpitz\">Wald-Michelbach. F\u00fcr die Volleyballerinnen des \u00dcSC Wald-Michelbach gab es in der Aufstiegsrelegation zur Landesliga kein Happy End. Mit Vorfreude und voll motiviert fuhren die \u00dcberw\u00e4lderinnen nach Bad Homburg. Dort traf man auf den Tabellenzweiten des Bezirks West. Was man schon vorher in Erfahrung bringen konnte, dass die Weststaffel aus dem Rhein-Main-Raum st\u00e4rker als der S\u00fcden ist, musste man dann auf dem Spielfeld schnell erfahren.<\/p>\n<p class=\"contextmenu internal_TextE\">Coach Michael Klieber konnte aus dem Vollen sch\u00f6pfen, alle Spielerinnen waren mit angereist. Von Beginn machten die Gastgeberinnen mit Aufschl\u00e4gen Druck, aber in der Anfangsphase hielt die Brenneis-Sechs gut dagegen. Die Annahme und Spielaufbau funktionierten und man konnte auch mit dem ein oder anderen Angriff punkten. Bis zum 8:11 war der \u00dcSC gut im Spiel. Aber dann legten die Homburgerinnen einen Zahn zu, in dieser Phase waren es die Mittelangreifeinnen, die die \u00dcSC-Abwehr schlecht aussehen lie\u00dfen. Diesem Feuerwerk an variablen und druckvollen Angriffen konnte das \u00dcSC-Team nichts entgegensetzen (25:12).<\/p>\n<p class=\"contextmenu internal_TextE\">Angefeuert von vielen Zuschauern, die wenigen Wald-Michelbacher konnten sich nur mit Spruchb\u00e4ndern bemerkbar machen, steigerte sich der Gegner dann noch in Durchgang zwei. Zu Beginn f\u00fchrten die \u00dcSClerinnen zwar, doch dann schlichen sich mehr und mehr Fehler schon bei der Annahme ein, die Mannschaft wirkte verunsichert und konnte dem druckvollen Spiel des Aufstiegsaspiranten nicht viel entgegensetzen. Satz zwei wurde klar mit 25:9 verloren. Trainer Klieber versuchte sein Team zu beruhigen und nahm einige Spielerwechsel vor. Das schien auch die Mannschaft noch mal zu befl\u00fcgeln, auch jetzt hielt man bis zum 6:6 mit. Aber auch der zweite Anzug bei der HTG passte. Die Einwechselspielerinnen stellten den \u00dcSC ein ums andere Mal vor Probleme, so fand man kein Mittel gegen die Au\u00dfenangreifer bzw. die zahlreichen Lobs, die immer wieder Punkte brachten. So war es letztlich ein klares Ergebnis mit 3:0 S\u00e4tzen f\u00fcr Bad Homburg.<\/p>\n<p class=\"contextmenu internal_TextE\">Die Mannschaft war nat\u00fcrlich entt\u00e4uscht, ein paar Tr\u00e4nen flossen auch, aber man traf auf einen spielerisch sehr starken Gegner, wie auch Michael Klieber nach dem Spiel anerkennen musste. Aber er gab seinen M\u00e4dels weiter mit: \u201eWir haben eine sehr gute Saison gespielt, heute aber haben wir gesehen, woran wir arbeiten m\u00fcssen, n\u00e4chste Saison greifen wir wieder an.\u201c <span class=\"contextmenu emphasis Z-Kuerzel\">ww<\/span><\/p>\n<\/div>\n","protected":false},"excerpt":{"rendered":"<p>Wald-Michelbach. F\u00fcr die Volleyballerinnen des \u00dcSC Wald-Michelbach gab es in der Aufstiegsrelegation zur Landesliga kein Happy End. Mit Vorfreude und voll motiviert fuhren die \u00dcberw\u00e4lderinnen nach Bad Homburg. Dort traf man auf den Tabellenzweiten des Bezirks West. Was man schon vorher in Erfahrung bringen konnte, dass die Weststaffel aus dem Rhein-Main-Raum st\u00e4rker als der S\u00fcden [&hellip;]<\/p>\n","protected":false},"author":8,"featured_media":0,"comment_status":"open","ping_status":"open","sticky":false,"template":"","format":"standard","meta":{"footnotes":""},"categories":[1],"tags":[],"class_list":["post-689","post","type-post","status-publish","format-standard","hentry","category-allgemein"],"yoast_head":"<!-- This site is optimized with the Yoast SEO plugin v27.4 - https:\/\/yoast.com\/product\/yoast-seo-wordpress\/ -->\n<title>\u00dcSC-Frauen verpassen den Aufstieg - \u00dcberw\u00e4lder Schulsportclub<\/title>\n<meta name=\"robots\" content=\"index, follow, max-snippet:-1, max-image-preview:large, max-video-preview:-1\" \/>\n<link rel=\"canonical\" href=\"https:\/\/www.uesc-waldmichelbach.de\/uesc\/uesc-frauen-verpassen-den-aufstieg\/\" \/>\n<meta property=\"og:locale\" content=\"de_DE\" \/>\n<meta property=\"og:type\" content=\"article\" \/>\n<meta property=\"og:title\" content=\"\u00dcSC-Frauen verpassen den Aufstieg - \u00dcberw\u00e4lder Schulsportclub\" \/>\n<meta property=\"og:description\" content=\"Wald-Michelbach. F\u00fcr die Volleyballerinnen des \u00dcSC Wald-Michelbach gab es in der Aufstiegsrelegation zur Landesliga kein Happy End. Mit Vorfreude und voll motiviert fuhren die \u00dcberw\u00e4lderinnen nach Bad Homburg. Dort traf man auf den Tabellenzweiten des Bezirks West. Was man schon vorher in Erfahrung bringen konnte, dass die Weststaffel aus dem Rhein-Main-Raum st\u00e4rker als der S\u00fcden [&hellip;]\" \/>\n<meta property=\"og:url\" content=\"https:\/\/www.uesc-waldmichelbach.de\/uesc\/uesc-frauen-verpassen-den-aufstieg\/\" \/>\n<meta property=\"og:site_name\" content=\"\u00dcberw\u00e4lder Schulsportclub\" \/>\n<meta property=\"article:publisher\" content=\"https:\/\/www.facebook.com\/UESC.WaldMichelbach\" \/>\n<meta property=\"article:published_time\" content=\"2017-05-03T06:49:53+00:00\" \/>\n<meta property=\"article:modified_time\" content=\"2018-07-01T21:02:59+00:00\" \/>\n<meta name=\"author\" content=\"Sabrina Kr\u00e4mer\" \/>\n<meta name=\"twitter:card\" content=\"summary_large_image\" \/>\n<meta name=\"twitter:label1\" content=\"Verfasst von\" \/>\n\t<meta name=\"twitter:data1\" content=\"Sabrina Kr\u00e4mer\" \/>\n\t<meta name=\"twitter:label2\" content=\"Gesch\u00e4tzte Lesezeit\" \/>\n\t<meta name=\"twitter:data2\" content=\"2\u00a0Minuten\" \/>\n<script type=\"application\/ld+json\" class=\"yoast-schema-graph\">{\"@context\":\"https:\\\/\\\/schema.org\",\"@graph\":[{\"@type\":\"Article\",\"@id\":\"https:\\\/\\\/www.uesc-waldmichelbach.de\\\/uesc\\\/uesc-frauen-verpassen-den-aufstieg\\\/#article\",\"isPartOf\":{\"@id\":\"https:\\\/\\\/www.uesc-waldmichelbach.de\\\/uesc\\\/uesc-frauen-verpassen-den-aufstieg\\\/\"},\"author\":{\"name\":\"Sabrina Kr\u00e4mer\",\"@id\":\"https:\\\/\\\/www.uesc-waldmichelbach.de\\\/uesc\\\/#\\\/schema\\\/person\\\/ce10cabe00874116b5cd81e4944a3e22\"},\"headline\":\"\u00dcSC-Frauen verpassen den Aufstieg\",\"datePublished\":\"2017-05-03T06:49:53+00:00\",\"dateModified\":\"2018-07-01T21:02:59+00:00\",\"mainEntityOfPage\":{\"@id\":\"https:\\\/\\\/www.uesc-waldmichelbach.de\\\/uesc\\\/uesc-frauen-verpassen-den-aufstieg\\\/\"},\"wordCount\":371,\"commentCount\":0,\"publisher\":{\"@id\":\"https:\\\/\\\/www.uesc-waldmichelbach.de\\\/uesc\\\/#organization\"},\"inLanguage\":\"de\",\"potentialAction\":[{\"@type\":\"CommentAction\",\"name\":\"Comment\",\"target\":[\"https:\\\/\\\/www.uesc-waldmichelbach.de\\\/uesc\\\/uesc-frauen-verpassen-den-aufstieg\\\/#respond\"]}]},{\"@type\":\"WebPage\",\"@id\":\"https:\\\/\\\/www.uesc-waldmichelbach.de\\\/uesc\\\/uesc-frauen-verpassen-den-aufstieg\\\/\",\"url\":\"https:\\\/\\\/www.uesc-waldmichelbach.de\\\/uesc\\\/uesc-frauen-verpassen-den-aufstieg\\\/\",\"name\":\"\u00dcSC-Frauen verpassen den Aufstieg - \u00dcberw\u00e4lder Schulsportclub\",\"isPartOf\":{\"@id\":\"https:\\\/\\\/www.uesc-waldmichelbach.de\\\/uesc\\\/#website\"},\"datePublished\":\"2017-05-03T06:49:53+00:00\",\"dateModified\":\"2018-07-01T21:02:59+00:00\",\"breadcrumb\":{\"@id\":\"https:\\\/\\\/www.uesc-waldmichelbach.de\\\/uesc\\\/uesc-frauen-verpassen-den-aufstieg\\\/#breadcrumb\"},\"inLanguage\":\"de\",\"potentialAction\":[{\"@type\":\"ReadAction\",\"target\":[\"https:\\\/\\\/www.uesc-waldmichelbach.de\\\/uesc\\\/uesc-frauen-verpassen-den-aufstieg\\\/\"]}]},{\"@type\":\"BreadcrumbList\",\"@id\":\"https:\\\/\\\/www.uesc-waldmichelbach.de\\\/uesc\\\/uesc-frauen-verpassen-den-aufstieg\\\/#breadcrumb\",\"itemListElement\":[{\"@type\":\"ListItem\",\"position\":1,\"name\":\"Startseite\",\"item\":\"https:\\\/\\\/www.uesc-waldmichelbach.de\\\/uesc\\\/\"},{\"@type\":\"ListItem\",\"position\":2,\"name\":\"\u00dcSC-Frauen verpassen den Aufstieg\"}]},{\"@type\":\"WebSite\",\"@id\":\"https:\\\/\\\/www.uesc-waldmichelbach.de\\\/uesc\\\/#website\",\"url\":\"https:\\\/\\\/www.uesc-waldmichelbach.de\\\/uesc\\\/\",\"name\":\"\u00dcberw\u00e4lder Schulsportclub\",\"description\":\"\u00dcberw\u00e4lder Sportverein\",\"publisher\":{\"@id\":\"https:\\\/\\\/www.uesc-waldmichelbach.de\\\/uesc\\\/#organization\"},\"potentialAction\":[{\"@type\":\"SearchAction\",\"target\":{\"@type\":\"EntryPoint\",\"urlTemplate\":\"https:\\\/\\\/www.uesc-waldmichelbach.de\\\/uesc\\\/?s={search_term_string}\"},\"query-input\":{\"@type\":\"PropertyValueSpecification\",\"valueRequired\":true,\"valueName\":\"search_term_string\"}}],\"inLanguage\":\"de\"},{\"@type\":\"Organization\",\"@id\":\"https:\\\/\\\/www.uesc-waldmichelbach.de\\\/uesc\\\/#organization\",\"name\":\"\u00dcberw\u00e4lder Schulsportclub\",\"url\":\"https:\\\/\\\/www.uesc-waldmichelbach.de\\\/uesc\\\/\",\"logo\":{\"@type\":\"ImageObject\",\"inLanguage\":\"de\",\"@id\":\"https:\\\/\\\/www.uesc-waldmichelbach.de\\\/uesc\\\/#\\\/schema\\\/logo\\\/image\\\/\",\"url\":\"https:\\\/\\\/www.uesc-waldmichelbach.de\\\/uesc\\\/wp-content\\\/uploads\\\/2022\\\/10\\\/cropped-UeSC-Logo-Varianten.png\",\"contentUrl\":\"https:\\\/\\\/www.uesc-waldmichelbach.de\\\/uesc\\\/wp-content\\\/uploads\\\/2022\\\/10\\\/cropped-UeSC-Logo-Varianten.png\",\"width\":240,\"height\":258,\"caption\":\"\u00dcberw\u00e4lder Schulsportclub\"},\"image\":{\"@id\":\"https:\\\/\\\/www.uesc-waldmichelbach.de\\\/uesc\\\/#\\\/schema\\\/logo\\\/image\\\/\"},\"sameAs\":[\"https:\\\/\\\/www.facebook.com\\\/UESC.WaldMichelbach\",\"https:\\\/\\\/www.instagram.com\\\/uesc.wamiba\\\/\"]},{\"@type\":\"Person\",\"@id\":\"https:\\\/\\\/www.uesc-waldmichelbach.de\\\/uesc\\\/#\\\/schema\\\/person\\\/ce10cabe00874116b5cd81e4944a3e22\",\"name\":\"Sabrina Kr\u00e4mer\",\"image\":{\"@type\":\"ImageObject\",\"inLanguage\":\"de\",\"@id\":\"https:\\\/\\\/secure.gravatar.com\\\/avatar\\\/60231b4bb897535ea0db01765e5be5e4d6c636434c85fc5984617a2066c1bd38?s=96&d=mm&r=g\",\"url\":\"https:\\\/\\\/secure.gravatar.com\\\/avatar\\\/60231b4bb897535ea0db01765e5be5e4d6c636434c85fc5984617a2066c1bd38?s=96&d=mm&r=g\",\"contentUrl\":\"https:\\\/\\\/secure.gravatar.com\\\/avatar\\\/60231b4bb897535ea0db01765e5be5e4d6c636434c85fc5984617a2066c1bd38?s=96&d=mm&r=g\",\"caption\":\"Sabrina Kr\u00e4mer\"},\"url\":\"https:\\\/\\\/www.uesc-waldmichelbach.de\\\/uesc\\\/author\\\/sabrina\\\/\"}]}<\/script>\n<!-- \/ Yoast SEO plugin. -->","yoast_head_json":{"title":"\u00dcSC-Frauen verpassen den Aufstieg - \u00dcberw\u00e4lder Schulsportclub","robots":{"index":"index","follow":"follow","max-snippet":"max-snippet:-1","max-image-preview":"max-image-preview:large","max-video-preview":"max-video-preview:-1"},"canonical":"https:\/\/www.uesc-waldmichelbach.de\/uesc\/uesc-frauen-verpassen-den-aufstieg\/","og_locale":"de_DE","og_type":"article","og_title":"\u00dcSC-Frauen verpassen den Aufstieg - \u00dcberw\u00e4lder Schulsportclub","og_description":"Wald-Michelbach. F\u00fcr die Volleyballerinnen des \u00dcSC Wald-Michelbach gab es in der Aufstiegsrelegation zur Landesliga kein Happy End. Mit Vorfreude und voll motiviert fuhren die \u00dcberw\u00e4lderinnen nach Bad Homburg. Dort traf man auf den Tabellenzweiten des Bezirks West. Was man schon vorher in Erfahrung bringen konnte, dass die Weststaffel aus dem Rhein-Main-Raum st\u00e4rker als der S\u00fcden [&hellip;]","og_url":"https:\/\/www.uesc-waldmichelbach.de\/uesc\/uesc-frauen-verpassen-den-aufstieg\/","og_site_name":"\u00dcberw\u00e4lder Schulsportclub","article_publisher":"https:\/\/www.facebook.com\/UESC.WaldMichelbach","article_published_time":"2017-05-03T06:49:53+00:00","article_modified_time":"2018-07-01T21:02:59+00:00","author":"Sabrina Kr\u00e4mer","twitter_card":"summary_large_image","twitter_misc":{"Verfasst von":"Sabrina Kr\u00e4mer","Gesch\u00e4tzte Lesezeit":"2\u00a0Minuten"},"schema":{"@context":"https:\/\/schema.org","@graph":[{"@type":"Article","@id":"https:\/\/www.uesc-waldmichelbach.de\/uesc\/uesc-frauen-verpassen-den-aufstieg\/#article","isPartOf":{"@id":"https:\/\/www.uesc-waldmichelbach.de\/uesc\/uesc-frauen-verpassen-den-aufstieg\/"},"author":{"name":"Sabrina Kr\u00e4mer","@id":"https:\/\/www.uesc-waldmichelbach.de\/uesc\/#\/schema\/person\/ce10cabe00874116b5cd81e4944a3e22"},"headline":"\u00dcSC-Frauen verpassen den Aufstieg","datePublished":"2017-05-03T06:49:53+00:00","dateModified":"2018-07-01T21:02:59+00:00","mainEntityOfPage":{"@id":"https:\/\/www.uesc-waldmichelbach.de\/uesc\/uesc-frauen-verpassen-den-aufstieg\/"},"wordCount":371,"commentCount":0,"publisher":{"@id":"https:\/\/www.uesc-waldmichelbach.de\/uesc\/#organization"},"inLanguage":"de","potentialAction":[{"@type":"CommentAction","name":"Comment","target":["https:\/\/www.uesc-waldmichelbach.de\/uesc\/uesc-frauen-verpassen-den-aufstieg\/#respond"]}]},{"@type":"WebPage","@id":"https:\/\/www.uesc-waldmichelbach.de\/uesc\/uesc-frauen-verpassen-den-aufstieg\/","url":"https:\/\/www.uesc-waldmichelbach.de\/uesc\/uesc-frauen-verpassen-den-aufstieg\/","name":"\u00dcSC-Frauen verpassen den Aufstieg - \u00dcberw\u00e4lder Schulsportclub","isPartOf":{"@id":"https:\/\/www.uesc-waldmichelbach.de\/uesc\/#website"},"datePublished":"2017-05-03T06:49:53+00:00","dateModified":"2018-07-01T21:02:59+00:00","breadcrumb":{"@id":"https:\/\/www.uesc-waldmichelbach.de\/uesc\/uesc-frauen-verpassen-den-aufstieg\/#breadcrumb"},"inLanguage":"de","potentialAction":[{"@type":"ReadAction","target":["https:\/\/www.uesc-waldmichelbach.de\/uesc\/uesc-frauen-verpassen-den-aufstieg\/"]}]},{"@type":"BreadcrumbList","@id":"https:\/\/www.uesc-waldmichelbach.de\/uesc\/uesc-frauen-verpassen-den-aufstieg\/#breadcrumb","itemListElement":[{"@type":"ListItem","position":1,"name":"Startseite","item":"https:\/\/www.uesc-waldmichelbach.de\/uesc\/"},{"@type":"ListItem","position":2,"name":"\u00dcSC-Frauen verpassen den Aufstieg"}]},{"@type":"WebSite","@id":"https:\/\/www.uesc-waldmichelbach.de\/uesc\/#website","url":"https:\/\/www.uesc-waldmichelbach.de\/uesc\/","name":"\u00dcberw\u00e4lder Schulsportclub","description":"\u00dcberw\u00e4lder Sportverein","publisher":{"@id":"https:\/\/www.uesc-waldmichelbach.de\/uesc\/#organization"},"potentialAction":[{"@type":"SearchAction","target":{"@type":"EntryPoint","urlTemplate":"https:\/\/www.uesc-waldmichelbach.de\/uesc\/?s={search_term_string}"},"query-input":{"@type":"PropertyValueSpecification","valueRequired":true,"valueName":"search_term_string"}}],"inLanguage":"de"},{"@type":"Organization","@id":"https:\/\/www.uesc-waldmichelbach.de\/uesc\/#organization","name":"\u00dcberw\u00e4lder Schulsportclub","url":"https:\/\/www.uesc-waldmichelbach.de\/uesc\/","logo":{"@type":"ImageObject","inLanguage":"de","@id":"https:\/\/www.uesc-waldmichelbach.de\/uesc\/#\/schema\/logo\/image\/","url":"https:\/\/www.uesc-waldmichelbach.de\/uesc\/wp-content\/uploads\/2022\/10\/cropped-UeSC-Logo-Varianten.png","contentUrl":"https:\/\/www.uesc-waldmichelbach.de\/uesc\/wp-content\/uploads\/2022\/10\/cropped-UeSC-Logo-Varianten.png","width":240,"height":258,"caption":"\u00dcberw\u00e4lder Schulsportclub"},"image":{"@id":"https:\/\/www.uesc-waldmichelbach.de\/uesc\/#\/schema\/logo\/image\/"},"sameAs":["https:\/\/www.facebook.com\/UESC.WaldMichelbach","https:\/\/www.instagram.com\/uesc.wamiba\/"]},{"@type":"Person","@id":"https:\/\/www.uesc-waldmichelbach.de\/uesc\/#\/schema\/person\/ce10cabe00874116b5cd81e4944a3e22","name":"Sabrina Kr\u00e4mer","image":{"@type":"ImageObject","inLanguage":"de","@id":"https:\/\/secure.gravatar.com\/avatar\/60231b4bb897535ea0db01765e5be5e4d6c636434c85fc5984617a2066c1bd38?s=96&d=mm&r=g","url":"https:\/\/secure.gravatar.com\/avatar\/60231b4bb897535ea0db01765e5be5e4d6c636434c85fc5984617a2066c1bd38?s=96&d=mm&r=g","contentUrl":"https:\/\/secure.gravatar.com\/avatar\/60231b4bb897535ea0db01765e5be5e4d6c636434c85fc5984617a2066c1bd38?s=96&d=mm&r=g","caption":"Sabrina Kr\u00e4mer"},"url":"https:\/\/www.uesc-waldmichelbach.de\/uesc\/author\/sabrina\/"}]}},"_links":{"self":[{"href":"https:\/\/www.uesc-waldmichelbach.de\/uesc\/wp-json\/wp\/v2\/posts\/689","targetHints":{"allow":["GET"]}}],"collection":[{"href":"https:\/\/www.uesc-waldmichelbach.de\/uesc\/wp-json\/wp\/v2\/posts"}],"about":[{"href":"https:\/\/www.uesc-waldmichelbach.de\/uesc\/wp-json\/wp\/v2\/types\/post"}],"author":[{"embeddable":true,"href":"https:\/\/www.uesc-waldmichelbach.de\/uesc\/wp-json\/wp\/v2\/users\/8"}],"replies":[{"embeddable":true,"href":"https:\/\/www.uesc-waldmichelbach.de\/uesc\/wp-json\/wp\/v2\/comments?post=689"}],"version-history":[{"count":1,"href":"https:\/\/www.uesc-waldmichelbach.de\/uesc\/wp-json\/wp\/v2\/posts\/689\/revisions"}],"predecessor-version":[{"id":690,"href":"https:\/\/www.uesc-waldmichelbach.de\/uesc\/wp-json\/wp\/v2\/posts\/689\/revisions\/690"}],"wp:attachment":[{"href":"https:\/\/www.uesc-waldmichelbach.de\/uesc\/wp-json\/wp\/v2\/media?parent=689"}],"wp:term":[{"taxonomy":"category","embeddable":true,"href":"https:\/\/www.uesc-waldmichelbach.de\/uesc\/wp-json\/wp\/v2\/categories?post=689"},{"taxonomy":"post_tag","embeddable":true,"href":"https:\/\/www.uesc-waldmichelbach.de\/uesc\/wp-json\/wp\/v2\/tags?post=689"}],"curies":[{"name":"wp","href":"https:\/\/api.w.org\/{rel}","templated":true}]}}