{"id":672,"date":"2017-03-27T10:55:22","date_gmt":"2017-03-27T08:55:22","guid":{"rendered":"http:\/\/www.uesc-waldmichelbach.de\/uesc\/?p=672"},"modified":"2023-07-22T18:17:08","modified_gmt":"2023-07-22T16:17:08","slug":"uesc-damen-beenden-die-saison-punktgleich-mit-tabellenerstem-auf-platz-2","status":"publish","type":"post","link":"https:\/\/www.uesc-waldmichelbach.de\/uesc\/uesc-damen-beenden-die-saison-punktgleich-mit-tabellenerstem-auf-platz-2\/","title":{"rendered":"\u00dcSC-Damen beenden die Saison punktgleich mit Tabellenerstem auf Platz 2"},"content":{"rendered":"\n<p class=\"has-medium-font-size\">Wald-Michelbach. In der Bezirksoberliga-S\u00fcd war der ersten Volleyball-Damenmannschaft des \u00dcSC Wald-Michelbach der zweite Platz schon vor dem letzten Spiel gegen Tabellennachbar Dieburg sicher. Nun konnten die Damen um Coach Michael Klieber die Saison noch mit einem klaren 3:0-Ausw\u00e4rtssieg kr\u00f6nen. Zum letzten Ausw\u00e4rtsspiel in der Spielrunde der Bezirksoberliga-S\u00fcd 2016\/17 reisten die \u00dcSC-Damen am vergangenen Samstag mit einem ausged\u00fcnnten Kader zum Tabellendritten VSG Dieburg\/M\u00fcnster an. Auf vier Spielerinnen mussten die Wald-Michelbacherinnen aus privaten Gr\u00fcnden verzichten.<\/p>\n\n\n\n<p class=\"has-medium-font-size\">Das Klieber-Team startete sehr nerv\u00f6s in das Spiel und viele Fehler pr\u00e4gten den ersten Satz. \u00dcber druckvolle Aufschl\u00e4ge konnten sich die \u00dcberw\u00e4lderinnen Mitte des Satzes endlich ein wenig absetzen und konnten den ersten Durchgang dann auch sicher mit 25:17 f\u00fcr sich entscheiden. Auch im zweiten Satz konnte man die Nervosit\u00e4t nicht ablegen. Ungenauigkeiten in Annahme und Abwehr machten es schwer zu einem guten Angriff zu kommen. Zudem blieb die Eigenfehlerquote weiterhin zu hoch und Satz zwei gestaltete sich bis zum Ende ausgeglichen. Nun zeigte sich die Qualit\u00e4t der \u00dcSC-Damen in dieser Saison, auch in schwierigen Phasen die Z\u00e4hne zusammen zu bei\u00dfen und zu k\u00e4mpfen. Sie gewannen auch den zweiten Durchgang mit 25:20.<\/p>\n\n\n\n<p class=\"has-medium-font-size\"><\/p>\n\n\n\n<p class=\"has-medium-font-size\">Der dritte Satz verlief \u00e4hnlich. Der \u00dcSC fand nicht zu seiner Bestleistung, konnte dennoch das Spiel im dritten Satz mit 25:19 f\u00fcr sich entscheiden. Mit dem 3:0-Erfolg beendet der \u00dcSC Wald-Michelbach die Saison mit grandiosen 43 Punkten auf Platz zwei in der Bezirksoberliga-S\u00fcd \u2013 punktgleich hinter dem diesj\u00e4hrigen Meister TuS Griesheim.<\/p>\n\n\n\n<p class=\"has-medium-font-size\"><\/p>\n\n\n\n<p class=\"has-medium-font-size\">Die Aufstiegsspiele f\u00fcr die Tabellenzweiten finden am 29.\/30. April 2017 statt.<\/p>\n\n\n\n<p class=\"has-medium-font-size\"><\/p>\n\n\n\n<p class=\"has-medium-font-size\">\u00dcSC: Julia Brenneis, Susann Gl\u00e4nzel, Sabrina Kr\u00e4mer, Linda Paul, Lisa Schmidt, Sina Schmitt, Zoe Schumann und Stella Storck.<\/p>\n\n\n\n<p><\/p>\n\n\n\n<figure class=\"wp-block-image size-full\"><img fetchpriority=\"high\" decoding=\"async\" width=\"526\" height=\"701\" src=\"https:\/\/www.uesc-waldmichelbach.de\/uesc\/wp-content\/uploads\/2017\/03\/17505091_10202972666275293_7828626786194071979_o.jpg\" alt=\"\" class=\"wp-image-673\" srcset=\"https:\/\/www.uesc-waldmichelbach.de\/uesc\/wp-content\/uploads\/2017\/03\/17505091_10202972666275293_7828626786194071979_o.jpg 526w, https:\/\/www.uesc-waldmichelbach.de\/uesc\/wp-content\/uploads\/2017\/03\/17505091_10202972666275293_7828626786194071979_o-225x300.jpg 225w\" sizes=\"(max-width: 526px) 100vw, 526px\" \/><\/figure>\n","protected":false},"excerpt":{"rendered":"<p>Wald-Michelbach. In der Bezirksoberliga-S\u00fcd war der ersten Volleyball-Damenmannschaft des \u00dcSC Wald-Michelbach der zweite Platz schon vor dem letzten Spiel gegen Tabellennachbar Dieburg sicher. Nun konnten die Damen um Coach Michael Klieber die Saison noch mit einem klaren 3:0-Ausw\u00e4rtssieg kr\u00f6nen. Zum letzten Ausw\u00e4rtsspiel in der Spielrunde der Bezirksoberliga-S\u00fcd 2016\/17 reisten die \u00dcSC-Damen am vergangenen Samstag mit [&hellip;]<\/p>\n","protected":false},"author":8,"featured_media":0,"comment_status":"open","ping_status":"open","sticky":false,"template":"","format":"standard","meta":{"footnotes":""},"categories":[1],"tags":[],"class_list":["post-672","post","type-post","status-publish","format-standard","hentry","category-allgemein"],"yoast_head":"<!-- This site is optimized with the Yoast SEO plugin v27.4 - https:\/\/yoast.com\/product\/yoast-seo-wordpress\/ -->\n<title>\u00dcSC-Damen beenden die Saison punktgleich mit Tabellenerstem auf Platz 2 - \u00dcberw\u00e4lder Schulsportclub<\/title>\n<meta name=\"robots\" content=\"index, follow, max-snippet:-1, max-image-preview:large, max-video-preview:-1\" \/>\n<link rel=\"canonical\" href=\"https:\/\/www.uesc-waldmichelbach.de\/uesc\/uesc-damen-beenden-die-saison-punktgleich-mit-tabellenerstem-auf-platz-2\/\" \/>\n<meta property=\"og:locale\" content=\"de_DE\" \/>\n<meta property=\"og:type\" content=\"article\" \/>\n<meta property=\"og:title\" content=\"\u00dcSC-Damen beenden die Saison punktgleich mit Tabellenerstem auf Platz 2 - \u00dcberw\u00e4lder Schulsportclub\" \/>\n<meta property=\"og:description\" content=\"Wald-Michelbach. In der Bezirksoberliga-S\u00fcd war der ersten Volleyball-Damenmannschaft des \u00dcSC Wald-Michelbach der zweite Platz schon vor dem letzten Spiel gegen Tabellennachbar Dieburg sicher. Nun konnten die Damen um Coach Michael Klieber die Saison noch mit einem klaren 3:0-Ausw\u00e4rtssieg kr\u00f6nen. Zum letzten Ausw\u00e4rtsspiel in der Spielrunde der Bezirksoberliga-S\u00fcd 2016\/17 reisten die \u00dcSC-Damen am vergangenen Samstag mit [&hellip;]\" \/>\n<meta property=\"og:url\" content=\"https:\/\/www.uesc-waldmichelbach.de\/uesc\/uesc-damen-beenden-die-saison-punktgleich-mit-tabellenerstem-auf-platz-2\/\" \/>\n<meta property=\"og:site_name\" content=\"\u00dcberw\u00e4lder Schulsportclub\" \/>\n<meta property=\"article:publisher\" content=\"https:\/\/www.facebook.com\/UESC.WaldMichelbach\" \/>\n<meta property=\"article:published_time\" content=\"2017-03-27T08:55:22+00:00\" \/>\n<meta property=\"article:modified_time\" content=\"2023-07-22T16:17:08+00:00\" \/>\n<meta property=\"og:image\" content=\"https:\/\/www.uesc-waldmichelbach.de\/uesc\/wp-content\/uploads\/2017\/03\/17505091_10202972666275293_7828626786194071979_o.jpg\" \/>\n<meta name=\"author\" content=\"Sabrina Kr\u00e4mer\" \/>\n<meta name=\"twitter:card\" content=\"summary_large_image\" \/>\n<meta name=\"twitter:label1\" content=\"Verfasst von\" \/>\n\t<meta name=\"twitter:data1\" content=\"Sabrina Kr\u00e4mer\" \/>\n\t<meta name=\"twitter:label2\" content=\"Gesch\u00e4tzte Lesezeit\" \/>\n\t<meta name=\"twitter:data2\" content=\"1\u00a0Minute\" \/>\n<script type=\"application\/ld+json\" class=\"yoast-schema-graph\">{\"@context\":\"https:\\\/\\\/schema.org\",\"@graph\":[{\"@type\":\"Article\",\"@id\":\"https:\\\/\\\/www.uesc-waldmichelbach.de\\\/uesc\\\/uesc-damen-beenden-die-saison-punktgleich-mit-tabellenerstem-auf-platz-2\\\/#article\",\"isPartOf\":{\"@id\":\"https:\\\/\\\/www.uesc-waldmichelbach.de\\\/uesc\\\/uesc-damen-beenden-die-saison-punktgleich-mit-tabellenerstem-auf-platz-2\\\/\"},\"author\":{\"name\":\"Sabrina Kr\u00e4mer\",\"@id\":\"https:\\\/\\\/www.uesc-waldmichelbach.de\\\/uesc\\\/#\\\/schema\\\/person\\\/ce10cabe00874116b5cd81e4944a3e22\"},\"headline\":\"\u00dcSC-Damen beenden die Saison punktgleich mit Tabellenerstem auf Platz 2\",\"datePublished\":\"2017-03-27T08:55:22+00:00\",\"dateModified\":\"2023-07-22T16:17:08+00:00\",\"mainEntityOfPage\":{\"@id\":\"https:\\\/\\\/www.uesc-waldmichelbach.de\\\/uesc\\\/uesc-damen-beenden-die-saison-punktgleich-mit-tabellenerstem-auf-platz-2\\\/\"},\"wordCount\":291,\"commentCount\":0,\"publisher\":{\"@id\":\"https:\\\/\\\/www.uesc-waldmichelbach.de\\\/uesc\\\/#organization\"},\"image\":{\"@id\":\"https:\\\/\\\/www.uesc-waldmichelbach.de\\\/uesc\\\/uesc-damen-beenden-die-saison-punktgleich-mit-tabellenerstem-auf-platz-2\\\/#primaryimage\"},\"thumbnailUrl\":\"https:\\\/\\\/www.uesc-waldmichelbach.de\\\/uesc\\\/wp-content\\\/uploads\\\/2017\\\/03\\\/17505091_10202972666275293_7828626786194071979_o.jpg\",\"inLanguage\":\"de\",\"potentialAction\":[{\"@type\":\"CommentAction\",\"name\":\"Comment\",\"target\":[\"https:\\\/\\\/www.uesc-waldmichelbach.de\\\/uesc\\\/uesc-damen-beenden-die-saison-punktgleich-mit-tabellenerstem-auf-platz-2\\\/#respond\"]}]},{\"@type\":\"WebPage\",\"@id\":\"https:\\\/\\\/www.uesc-waldmichelbach.de\\\/uesc\\\/uesc-damen-beenden-die-saison-punktgleich-mit-tabellenerstem-auf-platz-2\\\/\",\"url\":\"https:\\\/\\\/www.uesc-waldmichelbach.de\\\/uesc\\\/uesc-damen-beenden-die-saison-punktgleich-mit-tabellenerstem-auf-platz-2\\\/\",\"name\":\"\u00dcSC-Damen beenden die Saison punktgleich mit Tabellenerstem auf Platz 2 - \u00dcberw\u00e4lder Schulsportclub\",\"isPartOf\":{\"@id\":\"https:\\\/\\\/www.uesc-waldmichelbach.de\\\/uesc\\\/#website\"},\"primaryImageOfPage\":{\"@id\":\"https:\\\/\\\/www.uesc-waldmichelbach.de\\\/uesc\\\/uesc-damen-beenden-die-saison-punktgleich-mit-tabellenerstem-auf-platz-2\\\/#primaryimage\"},\"image\":{\"@id\":\"https:\\\/\\\/www.uesc-waldmichelbach.de\\\/uesc\\\/uesc-damen-beenden-die-saison-punktgleich-mit-tabellenerstem-auf-platz-2\\\/#primaryimage\"},\"thumbnailUrl\":\"https:\\\/\\\/www.uesc-waldmichelbach.de\\\/uesc\\\/wp-content\\\/uploads\\\/2017\\\/03\\\/17505091_10202972666275293_7828626786194071979_o.jpg\",\"datePublished\":\"2017-03-27T08:55:22+00:00\",\"dateModified\":\"2023-07-22T16:17:08+00:00\",\"breadcrumb\":{\"@id\":\"https:\\\/\\\/www.uesc-waldmichelbach.de\\\/uesc\\\/uesc-damen-beenden-die-saison-punktgleich-mit-tabellenerstem-auf-platz-2\\\/#breadcrumb\"},\"inLanguage\":\"de\",\"potentialAction\":[{\"@type\":\"ReadAction\",\"target\":[\"https:\\\/\\\/www.uesc-waldmichelbach.de\\\/uesc\\\/uesc-damen-beenden-die-saison-punktgleich-mit-tabellenerstem-auf-platz-2\\\/\"]}]},{\"@type\":\"ImageObject\",\"inLanguage\":\"de\",\"@id\":\"https:\\\/\\\/www.uesc-waldmichelbach.de\\\/uesc\\\/uesc-damen-beenden-die-saison-punktgleich-mit-tabellenerstem-auf-platz-2\\\/#primaryimage\",\"url\":\"https:\\\/\\\/www.uesc-waldmichelbach.de\\\/uesc\\\/wp-content\\\/uploads\\\/2017\\\/03\\\/17505091_10202972666275293_7828626786194071979_o.jpg\",\"contentUrl\":\"https:\\\/\\\/www.uesc-waldmichelbach.de\\\/uesc\\\/wp-content\\\/uploads\\\/2017\\\/03\\\/17505091_10202972666275293_7828626786194071979_o.jpg\",\"width\":526,\"height\":701},{\"@type\":\"BreadcrumbList\",\"@id\":\"https:\\\/\\\/www.uesc-waldmichelbach.de\\\/uesc\\\/uesc-damen-beenden-die-saison-punktgleich-mit-tabellenerstem-auf-platz-2\\\/#breadcrumb\",\"itemListElement\":[{\"@type\":\"ListItem\",\"position\":1,\"name\":\"Startseite\",\"item\":\"https:\\\/\\\/www.uesc-waldmichelbach.de\\\/uesc\\\/\"},{\"@type\":\"ListItem\",\"position\":2,\"name\":\"\u00dcSC-Damen beenden die Saison punktgleich mit Tabellenerstem auf Platz 2\"}]},{\"@type\":\"WebSite\",\"@id\":\"https:\\\/\\\/www.uesc-waldmichelbach.de\\\/uesc\\\/#website\",\"url\":\"https:\\\/\\\/www.uesc-waldmichelbach.de\\\/uesc\\\/\",\"name\":\"\u00dcberw\u00e4lder Schulsportclub\",\"description\":\"\u00dcberw\u00e4lder Sportverein\",\"publisher\":{\"@id\":\"https:\\\/\\\/www.uesc-waldmichelbach.de\\\/uesc\\\/#organization\"},\"potentialAction\":[{\"@type\":\"SearchAction\",\"target\":{\"@type\":\"EntryPoint\",\"urlTemplate\":\"https:\\\/\\\/www.uesc-waldmichelbach.de\\\/uesc\\\/?s={search_term_string}\"},\"query-input\":{\"@type\":\"PropertyValueSpecification\",\"valueRequired\":true,\"valueName\":\"search_term_string\"}}],\"inLanguage\":\"de\"},{\"@type\":\"Organization\",\"@id\":\"https:\\\/\\\/www.uesc-waldmichelbach.de\\\/uesc\\\/#organization\",\"name\":\"\u00dcberw\u00e4lder Schulsportclub\",\"url\":\"https:\\\/\\\/www.uesc-waldmichelbach.de\\\/uesc\\\/\",\"logo\":{\"@type\":\"ImageObject\",\"inLanguage\":\"de\",\"@id\":\"https:\\\/\\\/www.uesc-waldmichelbach.de\\\/uesc\\\/#\\\/schema\\\/logo\\\/image\\\/\",\"url\":\"https:\\\/\\\/www.uesc-waldmichelbach.de\\\/uesc\\\/wp-content\\\/uploads\\\/2022\\\/10\\\/cropped-UeSC-Logo-Varianten.png\",\"contentUrl\":\"https:\\\/\\\/www.uesc-waldmichelbach.de\\\/uesc\\\/wp-content\\\/uploads\\\/2022\\\/10\\\/cropped-UeSC-Logo-Varianten.png\",\"width\":240,\"height\":258,\"caption\":\"\u00dcberw\u00e4lder Schulsportclub\"},\"image\":{\"@id\":\"https:\\\/\\\/www.uesc-waldmichelbach.de\\\/uesc\\\/#\\\/schema\\\/logo\\\/image\\\/\"},\"sameAs\":[\"https:\\\/\\\/www.facebook.com\\\/UESC.WaldMichelbach\",\"https:\\\/\\\/www.instagram.com\\\/uesc.wamiba\\\/\"]},{\"@type\":\"Person\",\"@id\":\"https:\\\/\\\/www.uesc-waldmichelbach.de\\\/uesc\\\/#\\\/schema\\\/person\\\/ce10cabe00874116b5cd81e4944a3e22\",\"name\":\"Sabrina Kr\u00e4mer\",\"image\":{\"@type\":\"ImageObject\",\"inLanguage\":\"de\",\"@id\":\"https:\\\/\\\/secure.gravatar.com\\\/avatar\\\/60231b4bb897535ea0db01765e5be5e4d6c636434c85fc5984617a2066c1bd38?s=96&d=mm&r=g\",\"url\":\"https:\\\/\\\/secure.gravatar.com\\\/avatar\\\/60231b4bb897535ea0db01765e5be5e4d6c636434c85fc5984617a2066c1bd38?s=96&d=mm&r=g\",\"contentUrl\":\"https:\\\/\\\/secure.gravatar.com\\\/avatar\\\/60231b4bb897535ea0db01765e5be5e4d6c636434c85fc5984617a2066c1bd38?s=96&d=mm&r=g\",\"caption\":\"Sabrina Kr\u00e4mer\"},\"url\":\"https:\\\/\\\/www.uesc-waldmichelbach.de\\\/uesc\\\/author\\\/sabrina\\\/\"}]}<\/script>\n<!-- \/ Yoast SEO plugin. -->","yoast_head_json":{"title":"\u00dcSC-Damen beenden die Saison punktgleich mit Tabellenerstem auf Platz 2 - \u00dcberw\u00e4lder Schulsportclub","robots":{"index":"index","follow":"follow","max-snippet":"max-snippet:-1","max-image-preview":"max-image-preview:large","max-video-preview":"max-video-preview:-1"},"canonical":"https:\/\/www.uesc-waldmichelbach.de\/uesc\/uesc-damen-beenden-die-saison-punktgleich-mit-tabellenerstem-auf-platz-2\/","og_locale":"de_DE","og_type":"article","og_title":"\u00dcSC-Damen beenden die Saison punktgleich mit Tabellenerstem auf Platz 2 - \u00dcberw\u00e4lder Schulsportclub","og_description":"Wald-Michelbach. In der Bezirksoberliga-S\u00fcd war der ersten Volleyball-Damenmannschaft des \u00dcSC Wald-Michelbach der zweite Platz schon vor dem letzten Spiel gegen Tabellennachbar Dieburg sicher. Nun konnten die Damen um Coach Michael Klieber die Saison noch mit einem klaren 3:0-Ausw\u00e4rtssieg kr\u00f6nen. Zum letzten Ausw\u00e4rtsspiel in der Spielrunde der Bezirksoberliga-S\u00fcd 2016\/17 reisten die \u00dcSC-Damen am vergangenen Samstag mit [&hellip;]","og_url":"https:\/\/www.uesc-waldmichelbach.de\/uesc\/uesc-damen-beenden-die-saison-punktgleich-mit-tabellenerstem-auf-platz-2\/","og_site_name":"\u00dcberw\u00e4lder Schulsportclub","article_publisher":"https:\/\/www.facebook.com\/UESC.WaldMichelbach","article_published_time":"2017-03-27T08:55:22+00:00","article_modified_time":"2023-07-22T16:17:08+00:00","og_image":[{"url":"https:\/\/www.uesc-waldmichelbach.de\/uesc\/wp-content\/uploads\/2017\/03\/17505091_10202972666275293_7828626786194071979_o.jpg","type":"","width":"","height":""}],"author":"Sabrina Kr\u00e4mer","twitter_card":"summary_large_image","twitter_misc":{"Verfasst von":"Sabrina Kr\u00e4mer","Gesch\u00e4tzte Lesezeit":"1\u00a0Minute"},"schema":{"@context":"https:\/\/schema.org","@graph":[{"@type":"Article","@id":"https:\/\/www.uesc-waldmichelbach.de\/uesc\/uesc-damen-beenden-die-saison-punktgleich-mit-tabellenerstem-auf-platz-2\/#article","isPartOf":{"@id":"https:\/\/www.uesc-waldmichelbach.de\/uesc\/uesc-damen-beenden-die-saison-punktgleich-mit-tabellenerstem-auf-platz-2\/"},"author":{"name":"Sabrina Kr\u00e4mer","@id":"https:\/\/www.uesc-waldmichelbach.de\/uesc\/#\/schema\/person\/ce10cabe00874116b5cd81e4944a3e22"},"headline":"\u00dcSC-Damen beenden die Saison punktgleich mit Tabellenerstem auf Platz 2","datePublished":"2017-03-27T08:55:22+00:00","dateModified":"2023-07-22T16:17:08+00:00","mainEntityOfPage":{"@id":"https:\/\/www.uesc-waldmichelbach.de\/uesc\/uesc-damen-beenden-die-saison-punktgleich-mit-tabellenerstem-auf-platz-2\/"},"wordCount":291,"commentCount":0,"publisher":{"@id":"https:\/\/www.uesc-waldmichelbach.de\/uesc\/#organization"},"image":{"@id":"https:\/\/www.uesc-waldmichelbach.de\/uesc\/uesc-damen-beenden-die-saison-punktgleich-mit-tabellenerstem-auf-platz-2\/#primaryimage"},"thumbnailUrl":"https:\/\/www.uesc-waldmichelbach.de\/uesc\/wp-content\/uploads\/2017\/03\/17505091_10202972666275293_7828626786194071979_o.jpg","inLanguage":"de","potentialAction":[{"@type":"CommentAction","name":"Comment","target":["https:\/\/www.uesc-waldmichelbach.de\/uesc\/uesc-damen-beenden-die-saison-punktgleich-mit-tabellenerstem-auf-platz-2\/#respond"]}]},{"@type":"WebPage","@id":"https:\/\/www.uesc-waldmichelbach.de\/uesc\/uesc-damen-beenden-die-saison-punktgleich-mit-tabellenerstem-auf-platz-2\/","url":"https:\/\/www.uesc-waldmichelbach.de\/uesc\/uesc-damen-beenden-die-saison-punktgleich-mit-tabellenerstem-auf-platz-2\/","name":"\u00dcSC-Damen beenden die Saison punktgleich mit Tabellenerstem auf Platz 2 - \u00dcberw\u00e4lder Schulsportclub","isPartOf":{"@id":"https:\/\/www.uesc-waldmichelbach.de\/uesc\/#website"},"primaryImageOfPage":{"@id":"https:\/\/www.uesc-waldmichelbach.de\/uesc\/uesc-damen-beenden-die-saison-punktgleich-mit-tabellenerstem-auf-platz-2\/#primaryimage"},"image":{"@id":"https:\/\/www.uesc-waldmichelbach.de\/uesc\/uesc-damen-beenden-die-saison-punktgleich-mit-tabellenerstem-auf-platz-2\/#primaryimage"},"thumbnailUrl":"https:\/\/www.uesc-waldmichelbach.de\/uesc\/wp-content\/uploads\/2017\/03\/17505091_10202972666275293_7828626786194071979_o.jpg","datePublished":"2017-03-27T08:55:22+00:00","dateModified":"2023-07-22T16:17:08+00:00","breadcrumb":{"@id":"https:\/\/www.uesc-waldmichelbach.de\/uesc\/uesc-damen-beenden-die-saison-punktgleich-mit-tabellenerstem-auf-platz-2\/#breadcrumb"},"inLanguage":"de","potentialAction":[{"@type":"ReadAction","target":["https:\/\/www.uesc-waldmichelbach.de\/uesc\/uesc-damen-beenden-die-saison-punktgleich-mit-tabellenerstem-auf-platz-2\/"]}]},{"@type":"ImageObject","inLanguage":"de","@id":"https:\/\/www.uesc-waldmichelbach.de\/uesc\/uesc-damen-beenden-die-saison-punktgleich-mit-tabellenerstem-auf-platz-2\/#primaryimage","url":"https:\/\/www.uesc-waldmichelbach.de\/uesc\/wp-content\/uploads\/2017\/03\/17505091_10202972666275293_7828626786194071979_o.jpg","contentUrl":"https:\/\/www.uesc-waldmichelbach.de\/uesc\/wp-content\/uploads\/2017\/03\/17505091_10202972666275293_7828626786194071979_o.jpg","width":526,"height":701},{"@type":"BreadcrumbList","@id":"https:\/\/www.uesc-waldmichelbach.de\/uesc\/uesc-damen-beenden-die-saison-punktgleich-mit-tabellenerstem-auf-platz-2\/#breadcrumb","itemListElement":[{"@type":"ListItem","position":1,"name":"Startseite","item":"https:\/\/www.uesc-waldmichelbach.de\/uesc\/"},{"@type":"ListItem","position":2,"name":"\u00dcSC-Damen beenden die Saison punktgleich mit Tabellenerstem auf Platz 2"}]},{"@type":"WebSite","@id":"https:\/\/www.uesc-waldmichelbach.de\/uesc\/#website","url":"https:\/\/www.uesc-waldmichelbach.de\/uesc\/","name":"\u00dcberw\u00e4lder Schulsportclub","description":"\u00dcberw\u00e4lder Sportverein","publisher":{"@id":"https:\/\/www.uesc-waldmichelbach.de\/uesc\/#organization"},"potentialAction":[{"@type":"SearchAction","target":{"@type":"EntryPoint","urlTemplate":"https:\/\/www.uesc-waldmichelbach.de\/uesc\/?s={search_term_string}"},"query-input":{"@type":"PropertyValueSpecification","valueRequired":true,"valueName":"search_term_string"}}],"inLanguage":"de"},{"@type":"Organization","@id":"https:\/\/www.uesc-waldmichelbach.de\/uesc\/#organization","name":"\u00dcberw\u00e4lder Schulsportclub","url":"https:\/\/www.uesc-waldmichelbach.de\/uesc\/","logo":{"@type":"ImageObject","inLanguage":"de","@id":"https:\/\/www.uesc-waldmichelbach.de\/uesc\/#\/schema\/logo\/image\/","url":"https:\/\/www.uesc-waldmichelbach.de\/uesc\/wp-content\/uploads\/2022\/10\/cropped-UeSC-Logo-Varianten.png","contentUrl":"https:\/\/www.uesc-waldmichelbach.de\/uesc\/wp-content\/uploads\/2022\/10\/cropped-UeSC-Logo-Varianten.png","width":240,"height":258,"caption":"\u00dcberw\u00e4lder Schulsportclub"},"image":{"@id":"https:\/\/www.uesc-waldmichelbach.de\/uesc\/#\/schema\/logo\/image\/"},"sameAs":["https:\/\/www.facebook.com\/UESC.WaldMichelbach","https:\/\/www.instagram.com\/uesc.wamiba\/"]},{"@type":"Person","@id":"https:\/\/www.uesc-waldmichelbach.de\/uesc\/#\/schema\/person\/ce10cabe00874116b5cd81e4944a3e22","name":"Sabrina Kr\u00e4mer","image":{"@type":"ImageObject","inLanguage":"de","@id":"https:\/\/secure.gravatar.com\/avatar\/60231b4bb897535ea0db01765e5be5e4d6c636434c85fc5984617a2066c1bd38?s=96&d=mm&r=g","url":"https:\/\/secure.gravatar.com\/avatar\/60231b4bb897535ea0db01765e5be5e4d6c636434c85fc5984617a2066c1bd38?s=96&d=mm&r=g","contentUrl":"https:\/\/secure.gravatar.com\/avatar\/60231b4bb897535ea0db01765e5be5e4d6c636434c85fc5984617a2066c1bd38?s=96&d=mm&r=g","caption":"Sabrina Kr\u00e4mer"},"url":"https:\/\/www.uesc-waldmichelbach.de\/uesc\/author\/sabrina\/"}]}},"_links":{"self":[{"href":"https:\/\/www.uesc-waldmichelbach.de\/uesc\/wp-json\/wp\/v2\/posts\/672","targetHints":{"allow":["GET"]}}],"collection":[{"href":"https:\/\/www.uesc-waldmichelbach.de\/uesc\/wp-json\/wp\/v2\/posts"}],"about":[{"href":"https:\/\/www.uesc-waldmichelbach.de\/uesc\/wp-json\/wp\/v2\/types\/post"}],"author":[{"embeddable":true,"href":"https:\/\/www.uesc-waldmichelbach.de\/uesc\/wp-json\/wp\/v2\/users\/8"}],"replies":[{"embeddable":true,"href":"https:\/\/www.uesc-waldmichelbach.de\/uesc\/wp-json\/wp\/v2\/comments?post=672"}],"version-history":[{"count":5,"href":"https:\/\/www.uesc-waldmichelbach.de\/uesc\/wp-json\/wp\/v2\/posts\/672\/revisions"}],"predecessor-version":[{"id":2086,"href":"https:\/\/www.uesc-waldmichelbach.de\/uesc\/wp-json\/wp\/v2\/posts\/672\/revisions\/2086"}],"wp:attachment":[{"href":"https:\/\/www.uesc-waldmichelbach.de\/uesc\/wp-json\/wp\/v2\/media?parent=672"}],"wp:term":[{"taxonomy":"category","embeddable":true,"href":"https:\/\/www.uesc-waldmichelbach.de\/uesc\/wp-json\/wp\/v2\/categories?post=672"},{"taxonomy":"post_tag","embeddable":true,"href":"https:\/\/www.uesc-waldmichelbach.de\/uesc\/wp-json\/wp\/v2\/tags?post=672"}],"curies":[{"name":"wp","href":"https:\/\/api.w.org\/{rel}","templated":true}]}}