{"id":635,"date":"2017-02-15T11:43:47","date_gmt":"2017-02-15T09:43:47","guid":{"rendered":"http:\/\/www.uesc-waldmichelbach.de\/uesc\/?p=635"},"modified":"2017-02-15T11:43:47","modified_gmt":"2017-02-15T09:43:47","slug":"volleyball-u13","status":"publish","type":"post","link":"https:\/\/www.uesc-waldmichelbach.de\/uesc\/volleyball-u13\/","title":{"rendered":"Volleyball U13"},"content":{"rendered":"<p>U13 weiblich und m\u00e4nnlich trainiert montags und freitags in der 7. und 8. SchulStunde in der Gro\u00dfraumhalle im Rahmen der TalentF\u00f6rderGruppe des \u00dcWG (auch Kinder, die die EBS besuchen, k\u00f6nnen am Training teilnehmen!) bei C-Trainerin Sabrina Kr\u00e4mer.<\/p>\n<p>Auch an Meisterschaften und Turnieren wird schon teilgenommen, hier k\u00f6nnen sich die Kids (der Jahrg\u00e4nge 2005 und j\u00fcnger) beim 2 vs. 2 im Kleinfeld gegen andere Teams im Wettbewerb messen.<\/p>\n<p>&nbsp;<\/p>\n<div id=\"attachment_636\" style=\"width: 310px\" class=\"wp-caption alignnone\"><img fetchpriority=\"high\" decoding=\"async\" aria-describedby=\"caption-attachment-636\" class=\"wp-image-636 size-medium\" src=\"https:\/\/www.uesc-waldmichelbach.de\/uesc\/wp-content\/uploads\/2017\/02\/20170115_152926-300x169.jpg\" width=\"300\" height=\"169\" srcset=\"https:\/\/www.uesc-waldmichelbach.de\/uesc\/wp-content\/uploads\/2017\/02\/20170115_152926-300x169.jpg 300w, https:\/\/www.uesc-waldmichelbach.de\/uesc\/wp-content\/uploads\/2017\/02\/20170115_152926-600x338.jpg 600w, https:\/\/www.uesc-waldmichelbach.de\/uesc\/wp-content\/uploads\/2017\/02\/20170115_152926-768x432.jpg 768w, https:\/\/www.uesc-waldmichelbach.de\/uesc\/wp-content\/uploads\/2017\/02\/20170115_152926-460x260.jpg 460w\" sizes=\"(max-width: 300px) 100vw, 300px\" \/><p id=\"caption-attachment-636\" class=\"wp-caption-text\">Vorne v.l.n.r.: Amos Holik und Ayko Stolzenberg 2.Reihe v.l.n.r.: Jana Stadler, Nil Kocaaga, Clara Petsch, Lea Schwebel, Emily Happach und Amelie Zeug 3.Reihe v.l.n.r.: Trainer Oliver Harbauer, Felice und Lisann Wimmer Letzte Reihe v.l.n.r.: Trainerin Linda Paul, Betreuerin Kristin Scholl, Janine Schwebel, Cecilia Ziegler, Carla Wilhelm, Celine Steinmann, Neele Wurtz, Miriam Hahn und Trainerin Sabrina Kr\u00e4mer<\/p><\/div>\n<p>&nbsp;<\/p>\n<p>Bei der Bezirksmeisterschaft am 15.Januar 2017 belegten die \u00dcSC-Teams folgende Pl\u00e4tze:<\/p>\n<p>Die Jungs qualifizierten sich mit dem dritten Platz von 6 Mannschaften f\u00fcr die Bereichsmeisterschaft.<\/p>\n<p>Die\u00a0M\u00e4dchen konnten sich sogar mit drei Teams qualifizieren (Platz 2, 3 und 4 von insgesamt 12 Mannschaften).<\/p>\n<p>&nbsp;<\/p>\n<p>&nbsp;<\/p>\n<p>&nbsp;<\/p>\n<p>&nbsp;<\/p>\n","protected":false},"excerpt":{"rendered":"<p>U13 weiblich und m\u00e4nnlich trainiert montags und freitags in der 7. und 8. SchulStunde in der Gro\u00dfraumhalle im Rahmen der TalentF\u00f6rderGruppe des \u00dcWG (auch Kinder, die die EBS besuchen, k\u00f6nnen am Training teilnehmen!) bei C-Trainerin Sabrina Kr\u00e4mer. Auch an Meisterschaften und Turnieren wird schon teilgenommen, hier k\u00f6nnen sich die Kids (der Jahrg\u00e4nge 2005 und j\u00fcnger) [&hellip;]<\/p>\n","protected":false},"author":8,"featured_media":0,"comment_status":"open","ping_status":"open","sticky":false,"template":"","format":"standard","meta":{"footnotes":""},"categories":[1],"tags":[],"class_list":["post-635","post","type-post","status-publish","format-standard","hentry","category-allgemein"],"yoast_head":"<!-- This site is optimized with the Yoast SEO plugin v27.4 - https:\/\/yoast.com\/product\/yoast-seo-wordpress\/ -->\n<title>Volleyball U13 - \u00dcberw\u00e4lder Schulsportclub<\/title>\n<meta name=\"robots\" content=\"index, follow, max-snippet:-1, max-image-preview:large, max-video-preview:-1\" \/>\n<link rel=\"canonical\" href=\"https:\/\/www.uesc-waldmichelbach.de\/uesc\/volleyball-u13\/\" \/>\n<meta property=\"og:locale\" content=\"de_DE\" \/>\n<meta property=\"og:type\" content=\"article\" \/>\n<meta property=\"og:title\" content=\"Volleyball U13 - \u00dcberw\u00e4lder Schulsportclub\" \/>\n<meta property=\"og:description\" content=\"U13 weiblich und m\u00e4nnlich trainiert montags und freitags in der 7. und 8. SchulStunde in der Gro\u00dfraumhalle im Rahmen der TalentF\u00f6rderGruppe des \u00dcWG (auch Kinder, die die EBS besuchen, k\u00f6nnen am Training teilnehmen!) bei C-Trainerin Sabrina Kr\u00e4mer. Auch an Meisterschaften und Turnieren wird schon teilgenommen, hier k\u00f6nnen sich die Kids (der Jahrg\u00e4nge 2005 und j\u00fcnger) [&hellip;]\" \/>\n<meta property=\"og:url\" content=\"https:\/\/www.uesc-waldmichelbach.de\/uesc\/volleyball-u13\/\" \/>\n<meta property=\"og:site_name\" content=\"\u00dcberw\u00e4lder Schulsportclub\" \/>\n<meta property=\"article:publisher\" content=\"https:\/\/www.facebook.com\/UESC.WaldMichelbach\" \/>\n<meta property=\"article:published_time\" content=\"2017-02-15T09:43:47+00:00\" \/>\n<meta property=\"og:image\" content=\"https:\/\/www.uesc-waldmichelbach.de\/uesc\/wp-content\/uploads\/2017\/02\/20170115_152926-300x169.jpg\" \/>\n<meta name=\"author\" content=\"Sabrina Kr\u00e4mer\" \/>\n<meta name=\"twitter:card\" content=\"summary_large_image\" \/>\n<meta name=\"twitter:label1\" content=\"Verfasst von\" \/>\n\t<meta name=\"twitter:data1\" content=\"Sabrina Kr\u00e4mer\" \/>\n\t<meta name=\"twitter:label2\" content=\"Gesch\u00e4tzte Lesezeit\" \/>\n\t<meta name=\"twitter:data2\" content=\"1\u00a0Minute\" \/>\n<script type=\"application\/ld+json\" class=\"yoast-schema-graph\">{\"@context\":\"https:\\\/\\\/schema.org\",\"@graph\":[{\"@type\":\"Article\",\"@id\":\"https:\\\/\\\/www.uesc-waldmichelbach.de\\\/uesc\\\/volleyball-u13\\\/#article\",\"isPartOf\":{\"@id\":\"https:\\\/\\\/www.uesc-waldmichelbach.de\\\/uesc\\\/volleyball-u13\\\/\"},\"author\":{\"name\":\"Sabrina Kr\u00e4mer\",\"@id\":\"https:\\\/\\\/www.uesc-waldmichelbach.de\\\/uesc\\\/#\\\/schema\\\/person\\\/ce10cabe00874116b5cd81e4944a3e22\"},\"headline\":\"Volleyball U13\",\"datePublished\":\"2017-02-15T09:43:47+00:00\",\"mainEntityOfPage\":{\"@id\":\"https:\\\/\\\/www.uesc-waldmichelbach.de\\\/uesc\\\/volleyball-u13\\\/\"},\"wordCount\":194,\"commentCount\":0,\"publisher\":{\"@id\":\"https:\\\/\\\/www.uesc-waldmichelbach.de\\\/uesc\\\/#organization\"},\"image\":{\"@id\":\"https:\\\/\\\/www.uesc-waldmichelbach.de\\\/uesc\\\/volleyball-u13\\\/#primaryimage\"},\"thumbnailUrl\":\"https:\\\/\\\/www.uesc-waldmichelbach.de\\\/uesc\\\/wp-content\\\/uploads\\\/2017\\\/02\\\/20170115_152926-300x169.jpg\",\"inLanguage\":\"de\",\"potentialAction\":[{\"@type\":\"CommentAction\",\"name\":\"Comment\",\"target\":[\"https:\\\/\\\/www.uesc-waldmichelbach.de\\\/uesc\\\/volleyball-u13\\\/#respond\"]}]},{\"@type\":\"WebPage\",\"@id\":\"https:\\\/\\\/www.uesc-waldmichelbach.de\\\/uesc\\\/volleyball-u13\\\/\",\"url\":\"https:\\\/\\\/www.uesc-waldmichelbach.de\\\/uesc\\\/volleyball-u13\\\/\",\"name\":\"Volleyball U13 - \u00dcberw\u00e4lder Schulsportclub\",\"isPartOf\":{\"@id\":\"https:\\\/\\\/www.uesc-waldmichelbach.de\\\/uesc\\\/#website\"},\"primaryImageOfPage\":{\"@id\":\"https:\\\/\\\/www.uesc-waldmichelbach.de\\\/uesc\\\/volleyball-u13\\\/#primaryimage\"},\"image\":{\"@id\":\"https:\\\/\\\/www.uesc-waldmichelbach.de\\\/uesc\\\/volleyball-u13\\\/#primaryimage\"},\"thumbnailUrl\":\"https:\\\/\\\/www.uesc-waldmichelbach.de\\\/uesc\\\/wp-content\\\/uploads\\\/2017\\\/02\\\/20170115_152926-300x169.jpg\",\"datePublished\":\"2017-02-15T09:43:47+00:00\",\"breadcrumb\":{\"@id\":\"https:\\\/\\\/www.uesc-waldmichelbach.de\\\/uesc\\\/volleyball-u13\\\/#breadcrumb\"},\"inLanguage\":\"de\",\"potentialAction\":[{\"@type\":\"ReadAction\",\"target\":[\"https:\\\/\\\/www.uesc-waldmichelbach.de\\\/uesc\\\/volleyball-u13\\\/\"]}]},{\"@type\":\"ImageObject\",\"inLanguage\":\"de\",\"@id\":\"https:\\\/\\\/www.uesc-waldmichelbach.de\\\/uesc\\\/volleyball-u13\\\/#primaryimage\",\"url\":\"https:\\\/\\\/www.uesc-waldmichelbach.de\\\/uesc\\\/wp-content\\\/uploads\\\/2017\\\/02\\\/20170115_152926-scaled.jpg\",\"contentUrl\":\"https:\\\/\\\/www.uesc-waldmichelbach.de\\\/uesc\\\/wp-content\\\/uploads\\\/2017\\\/02\\\/20170115_152926-scaled.jpg\",\"width\":2560,\"height\":1440},{\"@type\":\"BreadcrumbList\",\"@id\":\"https:\\\/\\\/www.uesc-waldmichelbach.de\\\/uesc\\\/volleyball-u13\\\/#breadcrumb\",\"itemListElement\":[{\"@type\":\"ListItem\",\"position\":1,\"name\":\"Startseite\",\"item\":\"https:\\\/\\\/www.uesc-waldmichelbach.de\\\/uesc\\\/\"},{\"@type\":\"ListItem\",\"position\":2,\"name\":\"Volleyball U13\"}]},{\"@type\":\"WebSite\",\"@id\":\"https:\\\/\\\/www.uesc-waldmichelbach.de\\\/uesc\\\/#website\",\"url\":\"https:\\\/\\\/www.uesc-waldmichelbach.de\\\/uesc\\\/\",\"name\":\"\u00dcberw\u00e4lder Schulsportclub\",\"description\":\"\u00dcberw\u00e4lder Sportverein\",\"publisher\":{\"@id\":\"https:\\\/\\\/www.uesc-waldmichelbach.de\\\/uesc\\\/#organization\"},\"potentialAction\":[{\"@type\":\"SearchAction\",\"target\":{\"@type\":\"EntryPoint\",\"urlTemplate\":\"https:\\\/\\\/www.uesc-waldmichelbach.de\\\/uesc\\\/?s={search_term_string}\"},\"query-input\":{\"@type\":\"PropertyValueSpecification\",\"valueRequired\":true,\"valueName\":\"search_term_string\"}}],\"inLanguage\":\"de\"},{\"@type\":\"Organization\",\"@id\":\"https:\\\/\\\/www.uesc-waldmichelbach.de\\\/uesc\\\/#organization\",\"name\":\"\u00dcberw\u00e4lder Schulsportclub\",\"url\":\"https:\\\/\\\/www.uesc-waldmichelbach.de\\\/uesc\\\/\",\"logo\":{\"@type\":\"ImageObject\",\"inLanguage\":\"de\",\"@id\":\"https:\\\/\\\/www.uesc-waldmichelbach.de\\\/uesc\\\/#\\\/schema\\\/logo\\\/image\\\/\",\"url\":\"https:\\\/\\\/www.uesc-waldmichelbach.de\\\/uesc\\\/wp-content\\\/uploads\\\/2022\\\/10\\\/cropped-UeSC-Logo-Varianten.png\",\"contentUrl\":\"https:\\\/\\\/www.uesc-waldmichelbach.de\\\/uesc\\\/wp-content\\\/uploads\\\/2022\\\/10\\\/cropped-UeSC-Logo-Varianten.png\",\"width\":240,\"height\":258,\"caption\":\"\u00dcberw\u00e4lder Schulsportclub\"},\"image\":{\"@id\":\"https:\\\/\\\/www.uesc-waldmichelbach.de\\\/uesc\\\/#\\\/schema\\\/logo\\\/image\\\/\"},\"sameAs\":[\"https:\\\/\\\/www.facebook.com\\\/UESC.WaldMichelbach\",\"https:\\\/\\\/www.instagram.com\\\/uesc.wamiba\\\/\"]},{\"@type\":\"Person\",\"@id\":\"https:\\\/\\\/www.uesc-waldmichelbach.de\\\/uesc\\\/#\\\/schema\\\/person\\\/ce10cabe00874116b5cd81e4944a3e22\",\"name\":\"Sabrina Kr\u00e4mer\",\"image\":{\"@type\":\"ImageObject\",\"inLanguage\":\"de\",\"@id\":\"https:\\\/\\\/secure.gravatar.com\\\/avatar\\\/60231b4bb897535ea0db01765e5be5e4d6c636434c85fc5984617a2066c1bd38?s=96&d=mm&r=g\",\"url\":\"https:\\\/\\\/secure.gravatar.com\\\/avatar\\\/60231b4bb897535ea0db01765e5be5e4d6c636434c85fc5984617a2066c1bd38?s=96&d=mm&r=g\",\"contentUrl\":\"https:\\\/\\\/secure.gravatar.com\\\/avatar\\\/60231b4bb897535ea0db01765e5be5e4d6c636434c85fc5984617a2066c1bd38?s=96&d=mm&r=g\",\"caption\":\"Sabrina Kr\u00e4mer\"},\"url\":\"https:\\\/\\\/www.uesc-waldmichelbach.de\\\/uesc\\\/author\\\/sabrina\\\/\"}]}<\/script>\n<!-- \/ Yoast SEO plugin. -->","yoast_head_json":{"title":"Volleyball U13 - \u00dcberw\u00e4lder Schulsportclub","robots":{"index":"index","follow":"follow","max-snippet":"max-snippet:-1","max-image-preview":"max-image-preview:large","max-video-preview":"max-video-preview:-1"},"canonical":"https:\/\/www.uesc-waldmichelbach.de\/uesc\/volleyball-u13\/","og_locale":"de_DE","og_type":"article","og_title":"Volleyball U13 - \u00dcberw\u00e4lder Schulsportclub","og_description":"U13 weiblich und m\u00e4nnlich trainiert montags und freitags in der 7. und 8. SchulStunde in der Gro\u00dfraumhalle im Rahmen der TalentF\u00f6rderGruppe des \u00dcWG (auch Kinder, die die EBS besuchen, k\u00f6nnen am Training teilnehmen!) bei C-Trainerin Sabrina Kr\u00e4mer. Auch an Meisterschaften und Turnieren wird schon teilgenommen, hier k\u00f6nnen sich die Kids (der Jahrg\u00e4nge 2005 und j\u00fcnger) [&hellip;]","og_url":"https:\/\/www.uesc-waldmichelbach.de\/uesc\/volleyball-u13\/","og_site_name":"\u00dcberw\u00e4lder Schulsportclub","article_publisher":"https:\/\/www.facebook.com\/UESC.WaldMichelbach","article_published_time":"2017-02-15T09:43:47+00:00","og_image":[{"url":"https:\/\/www.uesc-waldmichelbach.de\/uesc\/wp-content\/uploads\/2017\/02\/20170115_152926-300x169.jpg","type":"","width":"","height":""}],"author":"Sabrina Kr\u00e4mer","twitter_card":"summary_large_image","twitter_misc":{"Verfasst von":"Sabrina Kr\u00e4mer","Gesch\u00e4tzte Lesezeit":"1\u00a0Minute"},"schema":{"@context":"https:\/\/schema.org","@graph":[{"@type":"Article","@id":"https:\/\/www.uesc-waldmichelbach.de\/uesc\/volleyball-u13\/#article","isPartOf":{"@id":"https:\/\/www.uesc-waldmichelbach.de\/uesc\/volleyball-u13\/"},"author":{"name":"Sabrina Kr\u00e4mer","@id":"https:\/\/www.uesc-waldmichelbach.de\/uesc\/#\/schema\/person\/ce10cabe00874116b5cd81e4944a3e22"},"headline":"Volleyball U13","datePublished":"2017-02-15T09:43:47+00:00","mainEntityOfPage":{"@id":"https:\/\/www.uesc-waldmichelbach.de\/uesc\/volleyball-u13\/"},"wordCount":194,"commentCount":0,"publisher":{"@id":"https:\/\/www.uesc-waldmichelbach.de\/uesc\/#organization"},"image":{"@id":"https:\/\/www.uesc-waldmichelbach.de\/uesc\/volleyball-u13\/#primaryimage"},"thumbnailUrl":"https:\/\/www.uesc-waldmichelbach.de\/uesc\/wp-content\/uploads\/2017\/02\/20170115_152926-300x169.jpg","inLanguage":"de","potentialAction":[{"@type":"CommentAction","name":"Comment","target":["https:\/\/www.uesc-waldmichelbach.de\/uesc\/volleyball-u13\/#respond"]}]},{"@type":"WebPage","@id":"https:\/\/www.uesc-waldmichelbach.de\/uesc\/volleyball-u13\/","url":"https:\/\/www.uesc-waldmichelbach.de\/uesc\/volleyball-u13\/","name":"Volleyball U13 - \u00dcberw\u00e4lder Schulsportclub","isPartOf":{"@id":"https:\/\/www.uesc-waldmichelbach.de\/uesc\/#website"},"primaryImageOfPage":{"@id":"https:\/\/www.uesc-waldmichelbach.de\/uesc\/volleyball-u13\/#primaryimage"},"image":{"@id":"https:\/\/www.uesc-waldmichelbach.de\/uesc\/volleyball-u13\/#primaryimage"},"thumbnailUrl":"https:\/\/www.uesc-waldmichelbach.de\/uesc\/wp-content\/uploads\/2017\/02\/20170115_152926-300x169.jpg","datePublished":"2017-02-15T09:43:47+00:00","breadcrumb":{"@id":"https:\/\/www.uesc-waldmichelbach.de\/uesc\/volleyball-u13\/#breadcrumb"},"inLanguage":"de","potentialAction":[{"@type":"ReadAction","target":["https:\/\/www.uesc-waldmichelbach.de\/uesc\/volleyball-u13\/"]}]},{"@type":"ImageObject","inLanguage":"de","@id":"https:\/\/www.uesc-waldmichelbach.de\/uesc\/volleyball-u13\/#primaryimage","url":"https:\/\/www.uesc-waldmichelbach.de\/uesc\/wp-content\/uploads\/2017\/02\/20170115_152926-scaled.jpg","contentUrl":"https:\/\/www.uesc-waldmichelbach.de\/uesc\/wp-content\/uploads\/2017\/02\/20170115_152926-scaled.jpg","width":2560,"height":1440},{"@type":"BreadcrumbList","@id":"https:\/\/www.uesc-waldmichelbach.de\/uesc\/volleyball-u13\/#breadcrumb","itemListElement":[{"@type":"ListItem","position":1,"name":"Startseite","item":"https:\/\/www.uesc-waldmichelbach.de\/uesc\/"},{"@type":"ListItem","position":2,"name":"Volleyball U13"}]},{"@type":"WebSite","@id":"https:\/\/www.uesc-waldmichelbach.de\/uesc\/#website","url":"https:\/\/www.uesc-waldmichelbach.de\/uesc\/","name":"\u00dcberw\u00e4lder Schulsportclub","description":"\u00dcberw\u00e4lder Sportverein","publisher":{"@id":"https:\/\/www.uesc-waldmichelbach.de\/uesc\/#organization"},"potentialAction":[{"@type":"SearchAction","target":{"@type":"EntryPoint","urlTemplate":"https:\/\/www.uesc-waldmichelbach.de\/uesc\/?s={search_term_string}"},"query-input":{"@type":"PropertyValueSpecification","valueRequired":true,"valueName":"search_term_string"}}],"inLanguage":"de"},{"@type":"Organization","@id":"https:\/\/www.uesc-waldmichelbach.de\/uesc\/#organization","name":"\u00dcberw\u00e4lder Schulsportclub","url":"https:\/\/www.uesc-waldmichelbach.de\/uesc\/","logo":{"@type":"ImageObject","inLanguage":"de","@id":"https:\/\/www.uesc-waldmichelbach.de\/uesc\/#\/schema\/logo\/image\/","url":"https:\/\/www.uesc-waldmichelbach.de\/uesc\/wp-content\/uploads\/2022\/10\/cropped-UeSC-Logo-Varianten.png","contentUrl":"https:\/\/www.uesc-waldmichelbach.de\/uesc\/wp-content\/uploads\/2022\/10\/cropped-UeSC-Logo-Varianten.png","width":240,"height":258,"caption":"\u00dcberw\u00e4lder Schulsportclub"},"image":{"@id":"https:\/\/www.uesc-waldmichelbach.de\/uesc\/#\/schema\/logo\/image\/"},"sameAs":["https:\/\/www.facebook.com\/UESC.WaldMichelbach","https:\/\/www.instagram.com\/uesc.wamiba\/"]},{"@type":"Person","@id":"https:\/\/www.uesc-waldmichelbach.de\/uesc\/#\/schema\/person\/ce10cabe00874116b5cd81e4944a3e22","name":"Sabrina Kr\u00e4mer","image":{"@type":"ImageObject","inLanguage":"de","@id":"https:\/\/secure.gravatar.com\/avatar\/60231b4bb897535ea0db01765e5be5e4d6c636434c85fc5984617a2066c1bd38?s=96&d=mm&r=g","url":"https:\/\/secure.gravatar.com\/avatar\/60231b4bb897535ea0db01765e5be5e4d6c636434c85fc5984617a2066c1bd38?s=96&d=mm&r=g","contentUrl":"https:\/\/secure.gravatar.com\/avatar\/60231b4bb897535ea0db01765e5be5e4d6c636434c85fc5984617a2066c1bd38?s=96&d=mm&r=g","caption":"Sabrina Kr\u00e4mer"},"url":"https:\/\/www.uesc-waldmichelbach.de\/uesc\/author\/sabrina\/"}]}},"_links":{"self":[{"href":"https:\/\/www.uesc-waldmichelbach.de\/uesc\/wp-json\/wp\/v2\/posts\/635","targetHints":{"allow":["GET"]}}],"collection":[{"href":"https:\/\/www.uesc-waldmichelbach.de\/uesc\/wp-json\/wp\/v2\/posts"}],"about":[{"href":"https:\/\/www.uesc-waldmichelbach.de\/uesc\/wp-json\/wp\/v2\/types\/post"}],"author":[{"embeddable":true,"href":"https:\/\/www.uesc-waldmichelbach.de\/uesc\/wp-json\/wp\/v2\/users\/8"}],"replies":[{"embeddable":true,"href":"https:\/\/www.uesc-waldmichelbach.de\/uesc\/wp-json\/wp\/v2\/comments?post=635"}],"version-history":[{"count":1,"href":"https:\/\/www.uesc-waldmichelbach.de\/uesc\/wp-json\/wp\/v2\/posts\/635\/revisions"}],"predecessor-version":[{"id":637,"href":"https:\/\/www.uesc-waldmichelbach.de\/uesc\/wp-json\/wp\/v2\/posts\/635\/revisions\/637"}],"wp:attachment":[{"href":"https:\/\/www.uesc-waldmichelbach.de\/uesc\/wp-json\/wp\/v2\/media?parent=635"}],"wp:term":[{"taxonomy":"category","embeddable":true,"href":"https:\/\/www.uesc-waldmichelbach.de\/uesc\/wp-json\/wp\/v2\/categories?post=635"},{"taxonomy":"post_tag","embeddable":true,"href":"https:\/\/www.uesc-waldmichelbach.de\/uesc\/wp-json\/wp\/v2\/tags?post=635"}],"curies":[{"name":"wp","href":"https:\/\/api.w.org\/{rel}","templated":true}]}}