{"id":2454,"date":"2025-03-22T12:14:40","date_gmt":"2025-03-22T10:14:40","guid":{"rendered":"https:\/\/www.uesc-waldmichelbach.de\/uesc\/?p=2454"},"modified":"2025-03-22T12:14:42","modified_gmt":"2025-03-22T10:14:42","slug":"15-03-2025-uesc-feiert-meisterschaft-aufstieg-in-landesliga","status":"publish","type":"post","link":"https:\/\/www.uesc-waldmichelbach.de\/uesc\/15-03-2025-uesc-feiert-meisterschaft-aufstieg-in-landesliga\/","title":{"rendered":"15.03.2025 &#8211; \u00dcSC feiert Meisterschaft &amp; Aufstieg in Landesliga"},"content":{"rendered":"<h3>Volleyball &#8211; Die \u00dcSC-Damen gewinnen beide Spiele mit 3:0 gegen den TV Dreieichenhain und die SKV M\u00f6rfelden II.<\/h3>\n<p>\u00a0<\/p>\n<p>Am letzten Spieltag der Saison wurde die Meisterschaft in der Bezirksoberliga S\u00fcd entschieden. Aufgeregt startete die Mannschaft vor zahlreichen Zuschauern in der heimischen Halle in das erste Spiel gegen den TV Dreieichenhain. Gegen die erfahrenen Gegnerinnen hatte man sich in der Vergangenheit h\u00e4ufig schwer getan, das Team kam jedoch gut ins Spiel und ging dank einer Aufschlagserie von Sabrina Kr\u00e4mer fr\u00fch in F\u00fchrung. Doch auch der Gegner steigerte sich und \u00fcberzeugte mit guter Blockarbeit, die es dem \u00dcSC schwer machte, direkte Punkte im Angriff zu erzielen. Dank einem Mix aus harten Angriffen und platzierten B\u00e4llen der Au\u00dfenangreiferinnen Celine Steinmann und Emely Weigel wurde der Satz am Ende mit 25:20 gewonnen.<\/p>\n<p>\u00a0<\/p>\n<p>Der zweite Satz war lange ausgeglichen und die Fehler in Annahme und Angriff h\u00e4uften sich. Nach einer Auszeit von Trainer Klieber fing sich das Team und entschied den Satz knapp mit 25:22 f\u00fcr sich. Im dritten Satz zeigte sich die Ersch\u00f6pfung des Gegners und der \u00dcSC spielte immer besser auf, sodass dieser deutlich mit 25:9 gewonnen wurde.\u00a0<\/p>\n<p>\u00a0<\/p>\n<p>Im zweiten Spiel des Tages ging es gegen die SKV M\u00f6rfelden. Der Gegner erzeugte von Beginn an viel Druck im Aufschlag und erschwerte den Spielaufbau. Auch in der Abwehr zeigte die SKV eine gute Leistung, sodass lange Ballwechsel entstanden. Keine Mannschaft konnte sich absetzen, am Ende war es jedoch der \u00dcSC der die Nerven behielt und den Satz mit 26:24 f\u00fcr sich entschied.<\/p>\n<p>Im zweiten Satz gelangen dank guter Passverteilung von Kapit\u00e4nin Sina Schmitt viele sehenswerte Angriffe \u00fcber alle Positionen. Insbesondere Diagonalspielerin Lisa Schmidt \u00fcberzeugte mit ihrem variablen Angriffsspiel. Der Satz ging deutlich mit 25:15 an den \u00dcSC.<\/p>\n<p>Im entscheidenden dritten Satz dominierte die Mannschaft von Beginn. Dank guter Abwehr- und Blockarbeit waren es vor allem die Schnellangriffe der Mittelblockerinnen die zum 25:19 Satzgewinn f\u00fchrten.\u00a0Auch Libera Mia Durrer muss f\u00fcr ihre exzellente Abwehrleistung hervorgehoben werden.<\/p>\n<p>\u00a0<\/p>\n<p>Nachdem der \u00dcSC kurz seinen Sieg bejubelte, kehrte Stille in der Halle ein und die Handys wurden gez\u00fcckt. Nach den beiden Siegen stand man Punkt- und Satzgleich mit der TG R\u00fcsselsheim. \u00dcber den Aufstieg entschied nun das Ballverh\u00e4ltnis. Nach ein paar Minuten Spannung stand das Ergebnis fest\u00a0 &#8211; der \u00dcSC Wald-Michelbach ist Meister und steigt damit in die Landesliga S\u00fcd auf!\u00a0<\/p>\n<p>\u00a0<\/p>\n<p>\u00dcSC: Durrer, Kr\u00e4mer, R\u00fcdt, Schmidt, Schmitt, Schuhmann, Steinmann, Wagner, Weigel.<\/p>\n<div id=\"attachment_2443\" style=\"width: 918px\" class=\"wp-caption alignleft\"><img fetchpriority=\"high\" decoding=\"async\" aria-describedby=\"caption-attachment-2443\" class=\"wp-image-2443\" src=\"https:\/\/www.uesc-waldmichelbach.de\/uesc\/wp-content\/uploads\/2025\/03\/af3302ba-e031-4683-8eb7-5b995eaef3e8.jpg\" alt=\"\" width=\"908\" height=\"708\" srcset=\"https:\/\/www.uesc-waldmichelbach.de\/uesc\/wp-content\/uploads\/2025\/03\/af3302ba-e031-4683-8eb7-5b995eaef3e8.jpg 1065w, https:\/\/www.uesc-waldmichelbach.de\/uesc\/wp-content\/uploads\/2025\/03\/af3302ba-e031-4683-8eb7-5b995eaef3e8-300x234.jpg 300w, https:\/\/www.uesc-waldmichelbach.de\/uesc\/wp-content\/uploads\/2025\/03\/af3302ba-e031-4683-8eb7-5b995eaef3e8-768x599.jpg 768w, https:\/\/www.uesc-waldmichelbach.de\/uesc\/wp-content\/uploads\/2025\/03\/af3302ba-e031-4683-8eb7-5b995eaef3e8-600x468.jpg 600w\" sizes=\"(max-width: 908px) 100vw, 908px\" \/><p id=\"caption-attachment-2443\" class=\"wp-caption-text\">Bild vom Heimspieltag im Oktober 2024<\/p><\/div>\n<p>\u00a0<\/p>\n<p>\u00a0<\/p>\n\n\n<p><\/p>\n","protected":false},"excerpt":{"rendered":"<p>Volleyball &#8211; Die \u00dcSC-Damen gewinnen beide Spiele mit 3:0 gegen den TV Dreieichenhain und die SKV M\u00f6rfelden II. \u00a0 Am letzten Spieltag der Saison wurde die Meisterschaft in der Bezirksoberliga S\u00fcd entschieden. Aufgeregt startete die Mannschaft vor zahlreichen Zuschauern in der heimischen Halle in das erste Spiel gegen den TV Dreieichenhain. Gegen die erfahrenen Gegnerinnen [&hellip;]<\/p>\n","protected":false},"author":14,"featured_media":0,"comment_status":"open","ping_status":"open","sticky":false,"template":"","format":"standard","meta":{"footnotes":""},"categories":[1],"tags":[],"class_list":["post-2454","post","type-post","status-publish","format-standard","hentry","category-allgemein"],"yoast_head":"<!-- This site is optimized with the Yoast SEO plugin v27.4 - https:\/\/yoast.com\/product\/yoast-seo-wordpress\/ -->\n<title>15.03.2025 - \u00dcSC feiert Meisterschaft &amp; Aufstieg in Landesliga - \u00dcberw\u00e4lder Schulsportclub<\/title>\n<meta name=\"robots\" content=\"index, follow, max-snippet:-1, max-image-preview:large, max-video-preview:-1\" \/>\n<link rel=\"canonical\" href=\"https:\/\/www.uesc-waldmichelbach.de\/uesc\/15-03-2025-uesc-feiert-meisterschaft-aufstieg-in-landesliga\/\" \/>\n<meta property=\"og:locale\" content=\"de_DE\" \/>\n<meta property=\"og:type\" content=\"article\" \/>\n<meta property=\"og:title\" content=\"15.03.2025 - \u00dcSC feiert Meisterschaft &amp; Aufstieg in Landesliga - \u00dcberw\u00e4lder Schulsportclub\" \/>\n<meta property=\"og:description\" content=\"Volleyball &#8211; Die \u00dcSC-Damen gewinnen beide Spiele mit 3:0 gegen den TV Dreieichenhain und die SKV M\u00f6rfelden II. \u00a0 Am letzten Spieltag der Saison wurde die Meisterschaft in der Bezirksoberliga S\u00fcd entschieden. Aufgeregt startete die Mannschaft vor zahlreichen Zuschauern in der heimischen Halle in das erste Spiel gegen den TV Dreieichenhain. Gegen die erfahrenen Gegnerinnen [&hellip;]\" \/>\n<meta property=\"og:url\" content=\"https:\/\/www.uesc-waldmichelbach.de\/uesc\/15-03-2025-uesc-feiert-meisterschaft-aufstieg-in-landesliga\/\" \/>\n<meta property=\"og:site_name\" content=\"\u00dcberw\u00e4lder Schulsportclub\" \/>\n<meta property=\"article:publisher\" content=\"https:\/\/www.facebook.com\/UESC.WaldMichelbach\" \/>\n<meta property=\"article:published_time\" content=\"2025-03-22T10:14:40+00:00\" \/>\n<meta property=\"article:modified_time\" content=\"2025-03-22T10:14:42+00:00\" \/>\n<meta property=\"og:image\" content=\"https:\/\/www.uesc-waldmichelbach.de\/uesc\/wp-content\/uploads\/2025\/03\/af3302ba-e031-4683-8eb7-5b995eaef3e8.jpg\" \/>\n<meta name=\"author\" content=\"Jenny Schmitt\" \/>\n<meta name=\"twitter:card\" content=\"summary_large_image\" \/>\n<meta name=\"twitter:label1\" content=\"Verfasst von\" \/>\n\t<meta name=\"twitter:data1\" content=\"Jenny Schmitt\" \/>\n\t<meta name=\"twitter:label2\" content=\"Gesch\u00e4tzte Lesezeit\" \/>\n\t<meta name=\"twitter:data2\" content=\"2\u00a0Minuten\" \/>\n<script type=\"application\/ld+json\" class=\"yoast-schema-graph\">{\"@context\":\"https:\\\/\\\/schema.org\",\"@graph\":[{\"@type\":\"Article\",\"@id\":\"https:\\\/\\\/www.uesc-waldmichelbach.de\\\/uesc\\\/15-03-2025-uesc-feiert-meisterschaft-aufstieg-in-landesliga\\\/#article\",\"isPartOf\":{\"@id\":\"https:\\\/\\\/www.uesc-waldmichelbach.de\\\/uesc\\\/15-03-2025-uesc-feiert-meisterschaft-aufstieg-in-landesliga\\\/\"},\"author\":{\"name\":\"Jenny Schmitt\",\"@id\":\"https:\\\/\\\/www.uesc-waldmichelbach.de\\\/uesc\\\/#\\\/schema\\\/person\\\/bcc819d7d59ff001ea06d76dd3a4dc33\"},\"headline\":\"15.03.2025 &#8211; \u00dcSC feiert Meisterschaft &amp; Aufstieg in Landesliga\",\"datePublished\":\"2025-03-22T10:14:40+00:00\",\"dateModified\":\"2025-03-22T10:14:42+00:00\",\"mainEntityOfPage\":{\"@id\":\"https:\\\/\\\/www.uesc-waldmichelbach.de\\\/uesc\\\/15-03-2025-uesc-feiert-meisterschaft-aufstieg-in-landesliga\\\/\"},\"wordCount\":427,\"commentCount\":0,\"publisher\":{\"@id\":\"https:\\\/\\\/www.uesc-waldmichelbach.de\\\/uesc\\\/#organization\"},\"image\":{\"@id\":\"https:\\\/\\\/www.uesc-waldmichelbach.de\\\/uesc\\\/15-03-2025-uesc-feiert-meisterschaft-aufstieg-in-landesliga\\\/#primaryimage\"},\"thumbnailUrl\":\"https:\\\/\\\/www.uesc-waldmichelbach.de\\\/uesc\\\/wp-content\\\/uploads\\\/2025\\\/03\\\/af3302ba-e031-4683-8eb7-5b995eaef3e8.jpg\",\"inLanguage\":\"de\",\"potentialAction\":[{\"@type\":\"CommentAction\",\"name\":\"Comment\",\"target\":[\"https:\\\/\\\/www.uesc-waldmichelbach.de\\\/uesc\\\/15-03-2025-uesc-feiert-meisterschaft-aufstieg-in-landesliga\\\/#respond\"]}]},{\"@type\":\"WebPage\",\"@id\":\"https:\\\/\\\/www.uesc-waldmichelbach.de\\\/uesc\\\/15-03-2025-uesc-feiert-meisterschaft-aufstieg-in-landesliga\\\/\",\"url\":\"https:\\\/\\\/www.uesc-waldmichelbach.de\\\/uesc\\\/15-03-2025-uesc-feiert-meisterschaft-aufstieg-in-landesliga\\\/\",\"name\":\"15.03.2025 - \u00dcSC feiert Meisterschaft &amp; Aufstieg in Landesliga - \u00dcberw\u00e4lder Schulsportclub\",\"isPartOf\":{\"@id\":\"https:\\\/\\\/www.uesc-waldmichelbach.de\\\/uesc\\\/#website\"},\"primaryImageOfPage\":{\"@id\":\"https:\\\/\\\/www.uesc-waldmichelbach.de\\\/uesc\\\/15-03-2025-uesc-feiert-meisterschaft-aufstieg-in-landesliga\\\/#primaryimage\"},\"image\":{\"@id\":\"https:\\\/\\\/www.uesc-waldmichelbach.de\\\/uesc\\\/15-03-2025-uesc-feiert-meisterschaft-aufstieg-in-landesliga\\\/#primaryimage\"},\"thumbnailUrl\":\"https:\\\/\\\/www.uesc-waldmichelbach.de\\\/uesc\\\/wp-content\\\/uploads\\\/2025\\\/03\\\/af3302ba-e031-4683-8eb7-5b995eaef3e8.jpg\",\"datePublished\":\"2025-03-22T10:14:40+00:00\",\"dateModified\":\"2025-03-22T10:14:42+00:00\",\"breadcrumb\":{\"@id\":\"https:\\\/\\\/www.uesc-waldmichelbach.de\\\/uesc\\\/15-03-2025-uesc-feiert-meisterschaft-aufstieg-in-landesliga\\\/#breadcrumb\"},\"inLanguage\":\"de\",\"potentialAction\":[{\"@type\":\"ReadAction\",\"target\":[\"https:\\\/\\\/www.uesc-waldmichelbach.de\\\/uesc\\\/15-03-2025-uesc-feiert-meisterschaft-aufstieg-in-landesliga\\\/\"]}]},{\"@type\":\"ImageObject\",\"inLanguage\":\"de\",\"@id\":\"https:\\\/\\\/www.uesc-waldmichelbach.de\\\/uesc\\\/15-03-2025-uesc-feiert-meisterschaft-aufstieg-in-landesliga\\\/#primaryimage\",\"url\":\"https:\\\/\\\/www.uesc-waldmichelbach.de\\\/uesc\\\/wp-content\\\/uploads\\\/2025\\\/03\\\/af3302ba-e031-4683-8eb7-5b995eaef3e8.jpg\",\"contentUrl\":\"https:\\\/\\\/www.uesc-waldmichelbach.de\\\/uesc\\\/wp-content\\\/uploads\\\/2025\\\/03\\\/af3302ba-e031-4683-8eb7-5b995eaef3e8.jpg\",\"width\":1065,\"height\":830},{\"@type\":\"BreadcrumbList\",\"@id\":\"https:\\\/\\\/www.uesc-waldmichelbach.de\\\/uesc\\\/15-03-2025-uesc-feiert-meisterschaft-aufstieg-in-landesliga\\\/#breadcrumb\",\"itemListElement\":[{\"@type\":\"ListItem\",\"position\":1,\"name\":\"Startseite\",\"item\":\"https:\\\/\\\/www.uesc-waldmichelbach.de\\\/uesc\\\/\"},{\"@type\":\"ListItem\",\"position\":2,\"name\":\"15.03.2025 &#8211; \u00dcSC feiert Meisterschaft &amp; Aufstieg in Landesliga\"}]},{\"@type\":\"WebSite\",\"@id\":\"https:\\\/\\\/www.uesc-waldmichelbach.de\\\/uesc\\\/#website\",\"url\":\"https:\\\/\\\/www.uesc-waldmichelbach.de\\\/uesc\\\/\",\"name\":\"\u00dcberw\u00e4lder Schulsportclub\",\"description\":\"\u00dcberw\u00e4lder Sportverein\",\"publisher\":{\"@id\":\"https:\\\/\\\/www.uesc-waldmichelbach.de\\\/uesc\\\/#organization\"},\"potentialAction\":[{\"@type\":\"SearchAction\",\"target\":{\"@type\":\"EntryPoint\",\"urlTemplate\":\"https:\\\/\\\/www.uesc-waldmichelbach.de\\\/uesc\\\/?s={search_term_string}\"},\"query-input\":{\"@type\":\"PropertyValueSpecification\",\"valueRequired\":true,\"valueName\":\"search_term_string\"}}],\"inLanguage\":\"de\"},{\"@type\":\"Organization\",\"@id\":\"https:\\\/\\\/www.uesc-waldmichelbach.de\\\/uesc\\\/#organization\",\"name\":\"\u00dcberw\u00e4lder Schulsportclub\",\"url\":\"https:\\\/\\\/www.uesc-waldmichelbach.de\\\/uesc\\\/\",\"logo\":{\"@type\":\"ImageObject\",\"inLanguage\":\"de\",\"@id\":\"https:\\\/\\\/www.uesc-waldmichelbach.de\\\/uesc\\\/#\\\/schema\\\/logo\\\/image\\\/\",\"url\":\"https:\\\/\\\/www.uesc-waldmichelbach.de\\\/uesc\\\/wp-content\\\/uploads\\\/2022\\\/10\\\/cropped-UeSC-Logo-Varianten.png\",\"contentUrl\":\"https:\\\/\\\/www.uesc-waldmichelbach.de\\\/uesc\\\/wp-content\\\/uploads\\\/2022\\\/10\\\/cropped-UeSC-Logo-Varianten.png\",\"width\":240,\"height\":258,\"caption\":\"\u00dcberw\u00e4lder Schulsportclub\"},\"image\":{\"@id\":\"https:\\\/\\\/www.uesc-waldmichelbach.de\\\/uesc\\\/#\\\/schema\\\/logo\\\/image\\\/\"},\"sameAs\":[\"https:\\\/\\\/www.facebook.com\\\/UESC.WaldMichelbach\",\"https:\\\/\\\/www.instagram.com\\\/uesc.wamiba\\\/\"]},{\"@type\":\"Person\",\"@id\":\"https:\\\/\\\/www.uesc-waldmichelbach.de\\\/uesc\\\/#\\\/schema\\\/person\\\/bcc819d7d59ff001ea06d76dd3a4dc33\",\"name\":\"Jenny Schmitt\",\"image\":{\"@type\":\"ImageObject\",\"inLanguage\":\"de\",\"@id\":\"https:\\\/\\\/secure.gravatar.com\\\/avatar\\\/fca45e91f95d2eb2e48f56c4ff588c847905f39815c8557467bc61eb32060936?s=96&d=mm&r=g\",\"url\":\"https:\\\/\\\/secure.gravatar.com\\\/avatar\\\/fca45e91f95d2eb2e48f56c4ff588c847905f39815c8557467bc61eb32060936?s=96&d=mm&r=g\",\"contentUrl\":\"https:\\\/\\\/secure.gravatar.com\\\/avatar\\\/fca45e91f95d2eb2e48f56c4ff588c847905f39815c8557467bc61eb32060936?s=96&d=mm&r=g\",\"caption\":\"Jenny Schmitt\"},\"url\":\"https:\\\/\\\/www.uesc-waldmichelbach.de\\\/uesc\\\/author\\\/jenny\\\/\"}]}<\/script>\n<!-- \/ Yoast SEO plugin. -->","yoast_head_json":{"title":"15.03.2025 - \u00dcSC feiert Meisterschaft &amp; Aufstieg in Landesliga - \u00dcberw\u00e4lder Schulsportclub","robots":{"index":"index","follow":"follow","max-snippet":"max-snippet:-1","max-image-preview":"max-image-preview:large","max-video-preview":"max-video-preview:-1"},"canonical":"https:\/\/www.uesc-waldmichelbach.de\/uesc\/15-03-2025-uesc-feiert-meisterschaft-aufstieg-in-landesliga\/","og_locale":"de_DE","og_type":"article","og_title":"15.03.2025 - \u00dcSC feiert Meisterschaft &amp; Aufstieg in Landesliga - \u00dcberw\u00e4lder Schulsportclub","og_description":"Volleyball &#8211; Die \u00dcSC-Damen gewinnen beide Spiele mit 3:0 gegen den TV Dreieichenhain und die SKV M\u00f6rfelden II. \u00a0 Am letzten Spieltag der Saison wurde die Meisterschaft in der Bezirksoberliga S\u00fcd entschieden. Aufgeregt startete die Mannschaft vor zahlreichen Zuschauern in der heimischen Halle in das erste Spiel gegen den TV Dreieichenhain. Gegen die erfahrenen Gegnerinnen [&hellip;]","og_url":"https:\/\/www.uesc-waldmichelbach.de\/uesc\/15-03-2025-uesc-feiert-meisterschaft-aufstieg-in-landesliga\/","og_site_name":"\u00dcberw\u00e4lder Schulsportclub","article_publisher":"https:\/\/www.facebook.com\/UESC.WaldMichelbach","article_published_time":"2025-03-22T10:14:40+00:00","article_modified_time":"2025-03-22T10:14:42+00:00","og_image":[{"url":"https:\/\/www.uesc-waldmichelbach.de\/uesc\/wp-content\/uploads\/2025\/03\/af3302ba-e031-4683-8eb7-5b995eaef3e8.jpg","type":"","width":"","height":""}],"author":"Jenny Schmitt","twitter_card":"summary_large_image","twitter_misc":{"Verfasst von":"Jenny Schmitt","Gesch\u00e4tzte Lesezeit":"2\u00a0Minuten"},"schema":{"@context":"https:\/\/schema.org","@graph":[{"@type":"Article","@id":"https:\/\/www.uesc-waldmichelbach.de\/uesc\/15-03-2025-uesc-feiert-meisterschaft-aufstieg-in-landesliga\/#article","isPartOf":{"@id":"https:\/\/www.uesc-waldmichelbach.de\/uesc\/15-03-2025-uesc-feiert-meisterschaft-aufstieg-in-landesliga\/"},"author":{"name":"Jenny Schmitt","@id":"https:\/\/www.uesc-waldmichelbach.de\/uesc\/#\/schema\/person\/bcc819d7d59ff001ea06d76dd3a4dc33"},"headline":"15.03.2025 &#8211; \u00dcSC feiert Meisterschaft &amp; Aufstieg in Landesliga","datePublished":"2025-03-22T10:14:40+00:00","dateModified":"2025-03-22T10:14:42+00:00","mainEntityOfPage":{"@id":"https:\/\/www.uesc-waldmichelbach.de\/uesc\/15-03-2025-uesc-feiert-meisterschaft-aufstieg-in-landesliga\/"},"wordCount":427,"commentCount":0,"publisher":{"@id":"https:\/\/www.uesc-waldmichelbach.de\/uesc\/#organization"},"image":{"@id":"https:\/\/www.uesc-waldmichelbach.de\/uesc\/15-03-2025-uesc-feiert-meisterschaft-aufstieg-in-landesliga\/#primaryimage"},"thumbnailUrl":"https:\/\/www.uesc-waldmichelbach.de\/uesc\/wp-content\/uploads\/2025\/03\/af3302ba-e031-4683-8eb7-5b995eaef3e8.jpg","inLanguage":"de","potentialAction":[{"@type":"CommentAction","name":"Comment","target":["https:\/\/www.uesc-waldmichelbach.de\/uesc\/15-03-2025-uesc-feiert-meisterschaft-aufstieg-in-landesliga\/#respond"]}]},{"@type":"WebPage","@id":"https:\/\/www.uesc-waldmichelbach.de\/uesc\/15-03-2025-uesc-feiert-meisterschaft-aufstieg-in-landesliga\/","url":"https:\/\/www.uesc-waldmichelbach.de\/uesc\/15-03-2025-uesc-feiert-meisterschaft-aufstieg-in-landesliga\/","name":"15.03.2025 - \u00dcSC feiert Meisterschaft &amp; Aufstieg in Landesliga - \u00dcberw\u00e4lder Schulsportclub","isPartOf":{"@id":"https:\/\/www.uesc-waldmichelbach.de\/uesc\/#website"},"primaryImageOfPage":{"@id":"https:\/\/www.uesc-waldmichelbach.de\/uesc\/15-03-2025-uesc-feiert-meisterschaft-aufstieg-in-landesliga\/#primaryimage"},"image":{"@id":"https:\/\/www.uesc-waldmichelbach.de\/uesc\/15-03-2025-uesc-feiert-meisterschaft-aufstieg-in-landesliga\/#primaryimage"},"thumbnailUrl":"https:\/\/www.uesc-waldmichelbach.de\/uesc\/wp-content\/uploads\/2025\/03\/af3302ba-e031-4683-8eb7-5b995eaef3e8.jpg","datePublished":"2025-03-22T10:14:40+00:00","dateModified":"2025-03-22T10:14:42+00:00","breadcrumb":{"@id":"https:\/\/www.uesc-waldmichelbach.de\/uesc\/15-03-2025-uesc-feiert-meisterschaft-aufstieg-in-landesliga\/#breadcrumb"},"inLanguage":"de","potentialAction":[{"@type":"ReadAction","target":["https:\/\/www.uesc-waldmichelbach.de\/uesc\/15-03-2025-uesc-feiert-meisterschaft-aufstieg-in-landesliga\/"]}]},{"@type":"ImageObject","inLanguage":"de","@id":"https:\/\/www.uesc-waldmichelbach.de\/uesc\/15-03-2025-uesc-feiert-meisterschaft-aufstieg-in-landesliga\/#primaryimage","url":"https:\/\/www.uesc-waldmichelbach.de\/uesc\/wp-content\/uploads\/2025\/03\/af3302ba-e031-4683-8eb7-5b995eaef3e8.jpg","contentUrl":"https:\/\/www.uesc-waldmichelbach.de\/uesc\/wp-content\/uploads\/2025\/03\/af3302ba-e031-4683-8eb7-5b995eaef3e8.jpg","width":1065,"height":830},{"@type":"BreadcrumbList","@id":"https:\/\/www.uesc-waldmichelbach.de\/uesc\/15-03-2025-uesc-feiert-meisterschaft-aufstieg-in-landesliga\/#breadcrumb","itemListElement":[{"@type":"ListItem","position":1,"name":"Startseite","item":"https:\/\/www.uesc-waldmichelbach.de\/uesc\/"},{"@type":"ListItem","position":2,"name":"15.03.2025 &#8211; \u00dcSC feiert Meisterschaft &amp; Aufstieg in Landesliga"}]},{"@type":"WebSite","@id":"https:\/\/www.uesc-waldmichelbach.de\/uesc\/#website","url":"https:\/\/www.uesc-waldmichelbach.de\/uesc\/","name":"\u00dcberw\u00e4lder Schulsportclub","description":"\u00dcberw\u00e4lder Sportverein","publisher":{"@id":"https:\/\/www.uesc-waldmichelbach.de\/uesc\/#organization"},"potentialAction":[{"@type":"SearchAction","target":{"@type":"EntryPoint","urlTemplate":"https:\/\/www.uesc-waldmichelbach.de\/uesc\/?s={search_term_string}"},"query-input":{"@type":"PropertyValueSpecification","valueRequired":true,"valueName":"search_term_string"}}],"inLanguage":"de"},{"@type":"Organization","@id":"https:\/\/www.uesc-waldmichelbach.de\/uesc\/#organization","name":"\u00dcberw\u00e4lder Schulsportclub","url":"https:\/\/www.uesc-waldmichelbach.de\/uesc\/","logo":{"@type":"ImageObject","inLanguage":"de","@id":"https:\/\/www.uesc-waldmichelbach.de\/uesc\/#\/schema\/logo\/image\/","url":"https:\/\/www.uesc-waldmichelbach.de\/uesc\/wp-content\/uploads\/2022\/10\/cropped-UeSC-Logo-Varianten.png","contentUrl":"https:\/\/www.uesc-waldmichelbach.de\/uesc\/wp-content\/uploads\/2022\/10\/cropped-UeSC-Logo-Varianten.png","width":240,"height":258,"caption":"\u00dcberw\u00e4lder Schulsportclub"},"image":{"@id":"https:\/\/www.uesc-waldmichelbach.de\/uesc\/#\/schema\/logo\/image\/"},"sameAs":["https:\/\/www.facebook.com\/UESC.WaldMichelbach","https:\/\/www.instagram.com\/uesc.wamiba\/"]},{"@type":"Person","@id":"https:\/\/www.uesc-waldmichelbach.de\/uesc\/#\/schema\/person\/bcc819d7d59ff001ea06d76dd3a4dc33","name":"Jenny Schmitt","image":{"@type":"ImageObject","inLanguage":"de","@id":"https:\/\/secure.gravatar.com\/avatar\/fca45e91f95d2eb2e48f56c4ff588c847905f39815c8557467bc61eb32060936?s=96&d=mm&r=g","url":"https:\/\/secure.gravatar.com\/avatar\/fca45e91f95d2eb2e48f56c4ff588c847905f39815c8557467bc61eb32060936?s=96&d=mm&r=g","contentUrl":"https:\/\/secure.gravatar.com\/avatar\/fca45e91f95d2eb2e48f56c4ff588c847905f39815c8557467bc61eb32060936?s=96&d=mm&r=g","caption":"Jenny Schmitt"},"url":"https:\/\/www.uesc-waldmichelbach.de\/uesc\/author\/jenny\/"}]}},"_links":{"self":[{"href":"https:\/\/www.uesc-waldmichelbach.de\/uesc\/wp-json\/wp\/v2\/posts\/2454","targetHints":{"allow":["GET"]}}],"collection":[{"href":"https:\/\/www.uesc-waldmichelbach.de\/uesc\/wp-json\/wp\/v2\/posts"}],"about":[{"href":"https:\/\/www.uesc-waldmichelbach.de\/uesc\/wp-json\/wp\/v2\/types\/post"}],"author":[{"embeddable":true,"href":"https:\/\/www.uesc-waldmichelbach.de\/uesc\/wp-json\/wp\/v2\/users\/14"}],"replies":[{"embeddable":true,"href":"https:\/\/www.uesc-waldmichelbach.de\/uesc\/wp-json\/wp\/v2\/comments?post=2454"}],"version-history":[{"count":1,"href":"https:\/\/www.uesc-waldmichelbach.de\/uesc\/wp-json\/wp\/v2\/posts\/2454\/revisions"}],"predecessor-version":[{"id":2455,"href":"https:\/\/www.uesc-waldmichelbach.de\/uesc\/wp-json\/wp\/v2\/posts\/2454\/revisions\/2455"}],"wp:attachment":[{"href":"https:\/\/www.uesc-waldmichelbach.de\/uesc\/wp-json\/wp\/v2\/media?parent=2454"}],"wp:term":[{"taxonomy":"category","embeddable":true,"href":"https:\/\/www.uesc-waldmichelbach.de\/uesc\/wp-json\/wp\/v2\/categories?post=2454"},{"taxonomy":"post_tag","embeddable":true,"href":"https:\/\/www.uesc-waldmichelbach.de\/uesc\/wp-json\/wp\/v2\/tags?post=2454"}],"curies":[{"name":"wp","href":"https:\/\/api.w.org\/{rel}","templated":true}]}}