{"id":2348,"date":"2024-10-10T18:06:53","date_gmt":"2024-10-10T16:06:53","guid":{"rendered":"https:\/\/www.uesc-waldmichelbach.de\/uesc\/?p=2348"},"modified":"2024-10-11T09:56:47","modified_gmt":"2024-10-11T07:56:47","slug":"06-10-2024-als-tabellenfuehrer-in-die-pause","status":"publish","type":"post","link":"https:\/\/www.uesc-waldmichelbach.de\/uesc\/06-10-2024-als-tabellenfuehrer-in-die-pause\/","title":{"rendered":"06.10.2024 &#8211; Als Tabellenf\u00fchrer in die Pause"},"content":{"rendered":"<h4>Volleyball: \u00dcSC Wald-Michelbach feiert zwei Siege beim Heimspieltag<\/h4>\n<p>Der \u00dcSC Wald-Michelbach baute mit zwei 3:0 Siegen gegen VSG Dieburg\/M\u00fcnster und den VC Erbach am Heimspieltag die Tabellenf\u00fchrung in der Volleyball-Bezirksoberliga aus.<\/p>\n<p>Im ersten Spiel gegen Dieburg\/M\u00fcnster starteten die Spielerinnen des \u00dcSC gut in den ersten Satz. Die Au\u00dfenangreiferinnen Jennifer Schmitt und Emely Weigel setzten die Gegner von Beginn an unter Druck. Ohne die F\u00fchrung abzugeben, gewann man den ersten Satz mit 25:12 Punkten.<\/p>\n<p>Im zweiten Satz steigerte das Team von Dieburg\/M\u00fcnster seine Leistung, w\u00e4hrend der \u00dcSC weniger Druck erzeugen k\u00f6nnte. So lagen beide Teams \u00fcber lange Zeit gleich auf und keine der beiden Mannschaften konnte sich absetzen. Zum Ende hin gelang es dann aber den Damen vom \u00dcSC mit einer Aufschlagserie von Sabrina Kr\u00e4mer, die F\u00fchrung zu \u00fcbernehmen und diesen Satz mit 25:18 auch f\u00fcr sich zu entscheiden.<\/p>\n<p>Das Team des \u00dcSC konnte im dritten Satz an die gute Schlussphase des zweiten Satzes anschlie\u00dfen. Mit guten Aufschl\u00e4gen und Angriffen lie\u00dfen sie den Damen aus Dieburg\/M\u00fcnster nur wenig Chancen zu eigenen Punktgewinnen. Der dritte Satz ging ungef\u00e4hrdet mit 25:6 Punkten zu Gunsten des \u00dcSC aus.<\/p>\n<p>Im zweiten Spiel \u00e4nderte Micheal Klieber die Mannschaftsaufstellung. Das somit neu formiertet Team tat sich gegen die Damen des VC Erbach schwerer als im ersten Spiel. Die \u00dcSC-Damen gaben viele Punkte durch unerzwungene Eigenfehler ab. Die F\u00fchrung wechselte zwischen den Teams hin und her. Mit Konzentration und Kampfeswillen wurde aber letztlich der erste Satz mit 25:21 gewonnen.<\/p>\n<p>Auch im zweiten Satz schafften es die Damen des \u00dcSC nicht, ihre spielerischen F\u00e4higkeiten abzurufen. Der Spielverlauf setzte sich fort: direkte Angriffspunkte des \u00dcSC und weiterhin viele Eigenfehler. Coach Klieber musste beide Auszeiten nehmen, um sein Team aufzur\u00fctteln. Zum Ende des zweiten Satzes stand es dann 25:22 f\u00fcr die Gastgeberinnen.<\/p>\n<p>Im dritten Satz starteten die \u00dcberw\u00e4lderinnen mit den gleichen Herausforderungen der vorangegangenen Durchl\u00e4ufe. Gegen Mitte des Satzes kam der \u00dcSC aber deutlich besser ins Spiel und konnte sich dann sehr deutlich von den Gegnerinnen absetzen. Mit starken Aufschl\u00e4gen und klug platzierten B\u00e4llen wurde der Satz und damit das Spiel mit 25:15 sicher gewonnen.<\/p>\n<p>Nun verweilen die \u00dcberw\u00e4lderinnen in der Herbstpause auf dem ersten Platz der Bezirksoberliga S\u00fcd. Am 09. November geht es dann weiter mit einem Ausw\u00e4rtsspiel in Auerbach.<\/p>\n<p>\u00dcSC 1: Durrer, Gvero, Kr\u00e4mer, Oswald, R\u00fcger, Schmidt, Schmitt, J., Schmitt, S., Sch\u00fctz, Schuhmann, Wagner, Weigel<\/p>\n<p>Auch die zweite Damenmannschaft hatte ihr erstes Heimspiel der Saison. Dieses wurde am vergangenen Samstag in der Adam-Karrillon-Schulhalle ausgetragen. Das erste Spiel gegen die VSG Ried konnten die jungen Damen 3:1 f\u00fcr sich entscheiden. In einem hart umk\u00e4mpften zweiten Spiel musste man sich 0:3 gegen die VSG Dieburg\/M\u00fcnster II geschlagen geben. So verweilen die Damen in ihrer ersten Saison \u00fcber die Herbstferien auf dem zweiten Tabellenplatz der S-Kreisklasse-Ost.<\/p>\n<p>\u00dcSC 2: Daume, Dechant, Gvero, Hartnagel, Kreis, Peter, Petsch, Pfaff, Schwebel, Weber.<\/p>\n\n\n<figure class=\"wp-block-image size-full\"><img fetchpriority=\"high\" decoding=\"async\" width=\"3019\" height=\"2202\" src=\"https:\/\/www.uesc-waldmichelbach.de\/uesc\/wp-content\/uploads\/2024\/10\/Damen-1-nach-Heimspieltag.png\" alt=\"\" class=\"wp-image-2351\" srcset=\"https:\/\/www.uesc-waldmichelbach.de\/uesc\/wp-content\/uploads\/2024\/10\/Damen-1-nach-Heimspieltag.png 3019w, https:\/\/www.uesc-waldmichelbach.de\/uesc\/wp-content\/uploads\/2024\/10\/Damen-1-nach-Heimspieltag-300x219.png 300w, https:\/\/www.uesc-waldmichelbach.de\/uesc\/wp-content\/uploads\/2024\/10\/Damen-1-nach-Heimspieltag-768x560.png 768w, https:\/\/www.uesc-waldmichelbach.de\/uesc\/wp-content\/uploads\/2024\/10\/Damen-1-nach-Heimspieltag-1536x1120.png 1536w, https:\/\/www.uesc-waldmichelbach.de\/uesc\/wp-content\/uploads\/2024\/10\/Damen-1-nach-Heimspieltag-2048x1494.png 2048w, https:\/\/www.uesc-waldmichelbach.de\/uesc\/wp-content\/uploads\/2024\/10\/Damen-1-nach-Heimspieltag-600x438.png 600w\" sizes=\"(max-width: 3019px) 100vw, 3019px\" \/><figcaption class=\"wp-element-caption\">Damen 1 am erfolgreichen Heimspieltag <\/figcaption><\/figure>\n","protected":false},"excerpt":{"rendered":"<p>Volleyball: \u00dcSC Wald-Michelbach feiert zwei Siege beim Heimspieltag Der \u00dcSC Wald-Michelbach baute mit zwei 3:0 Siegen gegen VSG Dieburg\/M\u00fcnster und den VC Erbach am Heimspieltag die Tabellenf\u00fchrung in der Volleyball-Bezirksoberliga aus. Im ersten Spiel gegen Dieburg\/M\u00fcnster starteten die Spielerinnen des \u00dcSC gut in den ersten Satz. Die Au\u00dfenangreiferinnen Jennifer Schmitt und Emely Weigel setzten die [&hellip;]<\/p>\n","protected":false},"author":14,"featured_media":0,"comment_status":"open","ping_status":"open","sticky":false,"template":"","format":"standard","meta":{"footnotes":""},"categories":[1],"tags":[],"class_list":["post-2348","post","type-post","status-publish","format-standard","hentry","category-allgemein"],"yoast_head":"<!-- This site is optimized with the Yoast SEO plugin v27.4 - https:\/\/yoast.com\/product\/yoast-seo-wordpress\/ -->\n<title>06.10.2024 - Als Tabellenf\u00fchrer in die Pause - \u00dcberw\u00e4lder Schulsportclub<\/title>\n<meta name=\"robots\" content=\"index, follow, max-snippet:-1, max-image-preview:large, max-video-preview:-1\" \/>\n<link rel=\"canonical\" href=\"https:\/\/www.uesc-waldmichelbach.de\/uesc\/06-10-2024-als-tabellenfuehrer-in-die-pause\/\" \/>\n<meta property=\"og:locale\" content=\"de_DE\" \/>\n<meta property=\"og:type\" content=\"article\" \/>\n<meta property=\"og:title\" content=\"06.10.2024 - Als Tabellenf\u00fchrer in die Pause - \u00dcberw\u00e4lder Schulsportclub\" \/>\n<meta property=\"og:description\" content=\"Volleyball: \u00dcSC Wald-Michelbach feiert zwei Siege beim Heimspieltag Der \u00dcSC Wald-Michelbach baute mit zwei 3:0 Siegen gegen VSG Dieburg\/M\u00fcnster und den VC Erbach am Heimspieltag die Tabellenf\u00fchrung in der Volleyball-Bezirksoberliga aus. Im ersten Spiel gegen Dieburg\/M\u00fcnster starteten die Spielerinnen des \u00dcSC gut in den ersten Satz. Die Au\u00dfenangreiferinnen Jennifer Schmitt und Emely Weigel setzten die [&hellip;]\" \/>\n<meta property=\"og:url\" content=\"https:\/\/www.uesc-waldmichelbach.de\/uesc\/06-10-2024-als-tabellenfuehrer-in-die-pause\/\" \/>\n<meta property=\"og:site_name\" content=\"\u00dcberw\u00e4lder Schulsportclub\" \/>\n<meta property=\"article:publisher\" content=\"https:\/\/www.facebook.com\/UESC.WaldMichelbach\" \/>\n<meta property=\"article:published_time\" content=\"2024-10-10T16:06:53+00:00\" \/>\n<meta property=\"article:modified_time\" content=\"2024-10-11T07:56:47+00:00\" \/>\n<meta property=\"og:image\" content=\"https:\/\/www.uesc-waldmichelbach.de\/uesc\/wp-content\/uploads\/2024\/10\/Damen-1-nach-Heimspieltag.png\" \/>\n<meta name=\"author\" content=\"Jenny Schmitt\" \/>\n<meta name=\"twitter:card\" content=\"summary_large_image\" \/>\n<meta name=\"twitter:label1\" content=\"Verfasst von\" \/>\n\t<meta name=\"twitter:data1\" content=\"Jenny Schmitt\" \/>\n\t<meta name=\"twitter:label2\" content=\"Gesch\u00e4tzte Lesezeit\" \/>\n\t<meta name=\"twitter:data2\" content=\"2\u00a0Minuten\" \/>\n<script type=\"application\/ld+json\" class=\"yoast-schema-graph\">{\"@context\":\"https:\\\/\\\/schema.org\",\"@graph\":[{\"@type\":\"Article\",\"@id\":\"https:\\\/\\\/www.uesc-waldmichelbach.de\\\/uesc\\\/06-10-2024-als-tabellenfuehrer-in-die-pause\\\/#article\",\"isPartOf\":{\"@id\":\"https:\\\/\\\/www.uesc-waldmichelbach.de\\\/uesc\\\/06-10-2024-als-tabellenfuehrer-in-die-pause\\\/\"},\"author\":{\"name\":\"Jenny Schmitt\",\"@id\":\"https:\\\/\\\/www.uesc-waldmichelbach.de\\\/uesc\\\/#\\\/schema\\\/person\\\/bcc819d7d59ff001ea06d76dd3a4dc33\"},\"headline\":\"06.10.2024 &#8211; Als Tabellenf\u00fchrer in die Pause\",\"datePublished\":\"2024-10-10T16:06:53+00:00\",\"dateModified\":\"2024-10-11T07:56:47+00:00\",\"mainEntityOfPage\":{\"@id\":\"https:\\\/\\\/www.uesc-waldmichelbach.de\\\/uesc\\\/06-10-2024-als-tabellenfuehrer-in-die-pause\\\/\"},\"wordCount\":503,\"commentCount\":0,\"publisher\":{\"@id\":\"https:\\\/\\\/www.uesc-waldmichelbach.de\\\/uesc\\\/#organization\"},\"image\":{\"@id\":\"https:\\\/\\\/www.uesc-waldmichelbach.de\\\/uesc\\\/06-10-2024-als-tabellenfuehrer-in-die-pause\\\/#primaryimage\"},\"thumbnailUrl\":\"https:\\\/\\\/www.uesc-waldmichelbach.de\\\/uesc\\\/wp-content\\\/uploads\\\/2024\\\/10\\\/Damen-1-nach-Heimspieltag.png\",\"inLanguage\":\"de\",\"potentialAction\":[{\"@type\":\"CommentAction\",\"name\":\"Comment\",\"target\":[\"https:\\\/\\\/www.uesc-waldmichelbach.de\\\/uesc\\\/06-10-2024-als-tabellenfuehrer-in-die-pause\\\/#respond\"]}]},{\"@type\":\"WebPage\",\"@id\":\"https:\\\/\\\/www.uesc-waldmichelbach.de\\\/uesc\\\/06-10-2024-als-tabellenfuehrer-in-die-pause\\\/\",\"url\":\"https:\\\/\\\/www.uesc-waldmichelbach.de\\\/uesc\\\/06-10-2024-als-tabellenfuehrer-in-die-pause\\\/\",\"name\":\"06.10.2024 - Als Tabellenf\u00fchrer in die Pause - \u00dcberw\u00e4lder Schulsportclub\",\"isPartOf\":{\"@id\":\"https:\\\/\\\/www.uesc-waldmichelbach.de\\\/uesc\\\/#website\"},\"primaryImageOfPage\":{\"@id\":\"https:\\\/\\\/www.uesc-waldmichelbach.de\\\/uesc\\\/06-10-2024-als-tabellenfuehrer-in-die-pause\\\/#primaryimage\"},\"image\":{\"@id\":\"https:\\\/\\\/www.uesc-waldmichelbach.de\\\/uesc\\\/06-10-2024-als-tabellenfuehrer-in-die-pause\\\/#primaryimage\"},\"thumbnailUrl\":\"https:\\\/\\\/www.uesc-waldmichelbach.de\\\/uesc\\\/wp-content\\\/uploads\\\/2024\\\/10\\\/Damen-1-nach-Heimspieltag.png\",\"datePublished\":\"2024-10-10T16:06:53+00:00\",\"dateModified\":\"2024-10-11T07:56:47+00:00\",\"breadcrumb\":{\"@id\":\"https:\\\/\\\/www.uesc-waldmichelbach.de\\\/uesc\\\/06-10-2024-als-tabellenfuehrer-in-die-pause\\\/#breadcrumb\"},\"inLanguage\":\"de\",\"potentialAction\":[{\"@type\":\"ReadAction\",\"target\":[\"https:\\\/\\\/www.uesc-waldmichelbach.de\\\/uesc\\\/06-10-2024-als-tabellenfuehrer-in-die-pause\\\/\"]}]},{\"@type\":\"ImageObject\",\"inLanguage\":\"de\",\"@id\":\"https:\\\/\\\/www.uesc-waldmichelbach.de\\\/uesc\\\/06-10-2024-als-tabellenfuehrer-in-die-pause\\\/#primaryimage\",\"url\":\"https:\\\/\\\/www.uesc-waldmichelbach.de\\\/uesc\\\/wp-content\\\/uploads\\\/2024\\\/10\\\/Damen-1-nach-Heimspieltag.png\",\"contentUrl\":\"https:\\\/\\\/www.uesc-waldmichelbach.de\\\/uesc\\\/wp-content\\\/uploads\\\/2024\\\/10\\\/Damen-1-nach-Heimspieltag.png\",\"width\":3019,\"height\":2202,\"caption\":\"Damen 1 am erfolgreichen Heimspieltag\"},{\"@type\":\"BreadcrumbList\",\"@id\":\"https:\\\/\\\/www.uesc-waldmichelbach.de\\\/uesc\\\/06-10-2024-als-tabellenfuehrer-in-die-pause\\\/#breadcrumb\",\"itemListElement\":[{\"@type\":\"ListItem\",\"position\":1,\"name\":\"Startseite\",\"item\":\"https:\\\/\\\/www.uesc-waldmichelbach.de\\\/uesc\\\/\"},{\"@type\":\"ListItem\",\"position\":2,\"name\":\"06.10.2024 &#8211; Als Tabellenf\u00fchrer in die Pause\"}]},{\"@type\":\"WebSite\",\"@id\":\"https:\\\/\\\/www.uesc-waldmichelbach.de\\\/uesc\\\/#website\",\"url\":\"https:\\\/\\\/www.uesc-waldmichelbach.de\\\/uesc\\\/\",\"name\":\"\u00dcberw\u00e4lder Schulsportclub\",\"description\":\"\u00dcberw\u00e4lder Sportverein\",\"publisher\":{\"@id\":\"https:\\\/\\\/www.uesc-waldmichelbach.de\\\/uesc\\\/#organization\"},\"potentialAction\":[{\"@type\":\"SearchAction\",\"target\":{\"@type\":\"EntryPoint\",\"urlTemplate\":\"https:\\\/\\\/www.uesc-waldmichelbach.de\\\/uesc\\\/?s={search_term_string}\"},\"query-input\":{\"@type\":\"PropertyValueSpecification\",\"valueRequired\":true,\"valueName\":\"search_term_string\"}}],\"inLanguage\":\"de\"},{\"@type\":\"Organization\",\"@id\":\"https:\\\/\\\/www.uesc-waldmichelbach.de\\\/uesc\\\/#organization\",\"name\":\"\u00dcberw\u00e4lder Schulsportclub\",\"url\":\"https:\\\/\\\/www.uesc-waldmichelbach.de\\\/uesc\\\/\",\"logo\":{\"@type\":\"ImageObject\",\"inLanguage\":\"de\",\"@id\":\"https:\\\/\\\/www.uesc-waldmichelbach.de\\\/uesc\\\/#\\\/schema\\\/logo\\\/image\\\/\",\"url\":\"https:\\\/\\\/www.uesc-waldmichelbach.de\\\/uesc\\\/wp-content\\\/uploads\\\/2022\\\/10\\\/cropped-UeSC-Logo-Varianten.png\",\"contentUrl\":\"https:\\\/\\\/www.uesc-waldmichelbach.de\\\/uesc\\\/wp-content\\\/uploads\\\/2022\\\/10\\\/cropped-UeSC-Logo-Varianten.png\",\"width\":240,\"height\":258,\"caption\":\"\u00dcberw\u00e4lder Schulsportclub\"},\"image\":{\"@id\":\"https:\\\/\\\/www.uesc-waldmichelbach.de\\\/uesc\\\/#\\\/schema\\\/logo\\\/image\\\/\"},\"sameAs\":[\"https:\\\/\\\/www.facebook.com\\\/UESC.WaldMichelbach\",\"https:\\\/\\\/www.instagram.com\\\/uesc.wamiba\\\/\"]},{\"@type\":\"Person\",\"@id\":\"https:\\\/\\\/www.uesc-waldmichelbach.de\\\/uesc\\\/#\\\/schema\\\/person\\\/bcc819d7d59ff001ea06d76dd3a4dc33\",\"name\":\"Jenny Schmitt\",\"image\":{\"@type\":\"ImageObject\",\"inLanguage\":\"de\",\"@id\":\"https:\\\/\\\/secure.gravatar.com\\\/avatar\\\/fca45e91f95d2eb2e48f56c4ff588c847905f39815c8557467bc61eb32060936?s=96&d=mm&r=g\",\"url\":\"https:\\\/\\\/secure.gravatar.com\\\/avatar\\\/fca45e91f95d2eb2e48f56c4ff588c847905f39815c8557467bc61eb32060936?s=96&d=mm&r=g\",\"contentUrl\":\"https:\\\/\\\/secure.gravatar.com\\\/avatar\\\/fca45e91f95d2eb2e48f56c4ff588c847905f39815c8557467bc61eb32060936?s=96&d=mm&r=g\",\"caption\":\"Jenny Schmitt\"},\"url\":\"https:\\\/\\\/www.uesc-waldmichelbach.de\\\/uesc\\\/author\\\/jenny\\\/\"}]}<\/script>\n<!-- \/ Yoast SEO plugin. -->","yoast_head_json":{"title":"06.10.2024 - Als Tabellenf\u00fchrer in die Pause - \u00dcberw\u00e4lder Schulsportclub","robots":{"index":"index","follow":"follow","max-snippet":"max-snippet:-1","max-image-preview":"max-image-preview:large","max-video-preview":"max-video-preview:-1"},"canonical":"https:\/\/www.uesc-waldmichelbach.de\/uesc\/06-10-2024-als-tabellenfuehrer-in-die-pause\/","og_locale":"de_DE","og_type":"article","og_title":"06.10.2024 - Als Tabellenf\u00fchrer in die Pause - \u00dcberw\u00e4lder Schulsportclub","og_description":"Volleyball: \u00dcSC Wald-Michelbach feiert zwei Siege beim Heimspieltag Der \u00dcSC Wald-Michelbach baute mit zwei 3:0 Siegen gegen VSG Dieburg\/M\u00fcnster und den VC Erbach am Heimspieltag die Tabellenf\u00fchrung in der Volleyball-Bezirksoberliga aus. Im ersten Spiel gegen Dieburg\/M\u00fcnster starteten die Spielerinnen des \u00dcSC gut in den ersten Satz. Die Au\u00dfenangreiferinnen Jennifer Schmitt und Emely Weigel setzten die [&hellip;]","og_url":"https:\/\/www.uesc-waldmichelbach.de\/uesc\/06-10-2024-als-tabellenfuehrer-in-die-pause\/","og_site_name":"\u00dcberw\u00e4lder Schulsportclub","article_publisher":"https:\/\/www.facebook.com\/UESC.WaldMichelbach","article_published_time":"2024-10-10T16:06:53+00:00","article_modified_time":"2024-10-11T07:56:47+00:00","og_image":[{"url":"https:\/\/www.uesc-waldmichelbach.de\/uesc\/wp-content\/uploads\/2024\/10\/Damen-1-nach-Heimspieltag.png","type":"","width":"","height":""}],"author":"Jenny Schmitt","twitter_card":"summary_large_image","twitter_misc":{"Verfasst von":"Jenny Schmitt","Gesch\u00e4tzte Lesezeit":"2\u00a0Minuten"},"schema":{"@context":"https:\/\/schema.org","@graph":[{"@type":"Article","@id":"https:\/\/www.uesc-waldmichelbach.de\/uesc\/06-10-2024-als-tabellenfuehrer-in-die-pause\/#article","isPartOf":{"@id":"https:\/\/www.uesc-waldmichelbach.de\/uesc\/06-10-2024-als-tabellenfuehrer-in-die-pause\/"},"author":{"name":"Jenny Schmitt","@id":"https:\/\/www.uesc-waldmichelbach.de\/uesc\/#\/schema\/person\/bcc819d7d59ff001ea06d76dd3a4dc33"},"headline":"06.10.2024 &#8211; Als Tabellenf\u00fchrer in die Pause","datePublished":"2024-10-10T16:06:53+00:00","dateModified":"2024-10-11T07:56:47+00:00","mainEntityOfPage":{"@id":"https:\/\/www.uesc-waldmichelbach.de\/uesc\/06-10-2024-als-tabellenfuehrer-in-die-pause\/"},"wordCount":503,"commentCount":0,"publisher":{"@id":"https:\/\/www.uesc-waldmichelbach.de\/uesc\/#organization"},"image":{"@id":"https:\/\/www.uesc-waldmichelbach.de\/uesc\/06-10-2024-als-tabellenfuehrer-in-die-pause\/#primaryimage"},"thumbnailUrl":"https:\/\/www.uesc-waldmichelbach.de\/uesc\/wp-content\/uploads\/2024\/10\/Damen-1-nach-Heimspieltag.png","inLanguage":"de","potentialAction":[{"@type":"CommentAction","name":"Comment","target":["https:\/\/www.uesc-waldmichelbach.de\/uesc\/06-10-2024-als-tabellenfuehrer-in-die-pause\/#respond"]}]},{"@type":"WebPage","@id":"https:\/\/www.uesc-waldmichelbach.de\/uesc\/06-10-2024-als-tabellenfuehrer-in-die-pause\/","url":"https:\/\/www.uesc-waldmichelbach.de\/uesc\/06-10-2024-als-tabellenfuehrer-in-die-pause\/","name":"06.10.2024 - Als Tabellenf\u00fchrer in die Pause - \u00dcberw\u00e4lder Schulsportclub","isPartOf":{"@id":"https:\/\/www.uesc-waldmichelbach.de\/uesc\/#website"},"primaryImageOfPage":{"@id":"https:\/\/www.uesc-waldmichelbach.de\/uesc\/06-10-2024-als-tabellenfuehrer-in-die-pause\/#primaryimage"},"image":{"@id":"https:\/\/www.uesc-waldmichelbach.de\/uesc\/06-10-2024-als-tabellenfuehrer-in-die-pause\/#primaryimage"},"thumbnailUrl":"https:\/\/www.uesc-waldmichelbach.de\/uesc\/wp-content\/uploads\/2024\/10\/Damen-1-nach-Heimspieltag.png","datePublished":"2024-10-10T16:06:53+00:00","dateModified":"2024-10-11T07:56:47+00:00","breadcrumb":{"@id":"https:\/\/www.uesc-waldmichelbach.de\/uesc\/06-10-2024-als-tabellenfuehrer-in-die-pause\/#breadcrumb"},"inLanguage":"de","potentialAction":[{"@type":"ReadAction","target":["https:\/\/www.uesc-waldmichelbach.de\/uesc\/06-10-2024-als-tabellenfuehrer-in-die-pause\/"]}]},{"@type":"ImageObject","inLanguage":"de","@id":"https:\/\/www.uesc-waldmichelbach.de\/uesc\/06-10-2024-als-tabellenfuehrer-in-die-pause\/#primaryimage","url":"https:\/\/www.uesc-waldmichelbach.de\/uesc\/wp-content\/uploads\/2024\/10\/Damen-1-nach-Heimspieltag.png","contentUrl":"https:\/\/www.uesc-waldmichelbach.de\/uesc\/wp-content\/uploads\/2024\/10\/Damen-1-nach-Heimspieltag.png","width":3019,"height":2202,"caption":"Damen 1 am erfolgreichen Heimspieltag"},{"@type":"BreadcrumbList","@id":"https:\/\/www.uesc-waldmichelbach.de\/uesc\/06-10-2024-als-tabellenfuehrer-in-die-pause\/#breadcrumb","itemListElement":[{"@type":"ListItem","position":1,"name":"Startseite","item":"https:\/\/www.uesc-waldmichelbach.de\/uesc\/"},{"@type":"ListItem","position":2,"name":"06.10.2024 &#8211; Als Tabellenf\u00fchrer in die Pause"}]},{"@type":"WebSite","@id":"https:\/\/www.uesc-waldmichelbach.de\/uesc\/#website","url":"https:\/\/www.uesc-waldmichelbach.de\/uesc\/","name":"\u00dcberw\u00e4lder Schulsportclub","description":"\u00dcberw\u00e4lder Sportverein","publisher":{"@id":"https:\/\/www.uesc-waldmichelbach.de\/uesc\/#organization"},"potentialAction":[{"@type":"SearchAction","target":{"@type":"EntryPoint","urlTemplate":"https:\/\/www.uesc-waldmichelbach.de\/uesc\/?s={search_term_string}"},"query-input":{"@type":"PropertyValueSpecification","valueRequired":true,"valueName":"search_term_string"}}],"inLanguage":"de"},{"@type":"Organization","@id":"https:\/\/www.uesc-waldmichelbach.de\/uesc\/#organization","name":"\u00dcberw\u00e4lder Schulsportclub","url":"https:\/\/www.uesc-waldmichelbach.de\/uesc\/","logo":{"@type":"ImageObject","inLanguage":"de","@id":"https:\/\/www.uesc-waldmichelbach.de\/uesc\/#\/schema\/logo\/image\/","url":"https:\/\/www.uesc-waldmichelbach.de\/uesc\/wp-content\/uploads\/2022\/10\/cropped-UeSC-Logo-Varianten.png","contentUrl":"https:\/\/www.uesc-waldmichelbach.de\/uesc\/wp-content\/uploads\/2022\/10\/cropped-UeSC-Logo-Varianten.png","width":240,"height":258,"caption":"\u00dcberw\u00e4lder Schulsportclub"},"image":{"@id":"https:\/\/www.uesc-waldmichelbach.de\/uesc\/#\/schema\/logo\/image\/"},"sameAs":["https:\/\/www.facebook.com\/UESC.WaldMichelbach","https:\/\/www.instagram.com\/uesc.wamiba\/"]},{"@type":"Person","@id":"https:\/\/www.uesc-waldmichelbach.de\/uesc\/#\/schema\/person\/bcc819d7d59ff001ea06d76dd3a4dc33","name":"Jenny Schmitt","image":{"@type":"ImageObject","inLanguage":"de","@id":"https:\/\/secure.gravatar.com\/avatar\/fca45e91f95d2eb2e48f56c4ff588c847905f39815c8557467bc61eb32060936?s=96&d=mm&r=g","url":"https:\/\/secure.gravatar.com\/avatar\/fca45e91f95d2eb2e48f56c4ff588c847905f39815c8557467bc61eb32060936?s=96&d=mm&r=g","contentUrl":"https:\/\/secure.gravatar.com\/avatar\/fca45e91f95d2eb2e48f56c4ff588c847905f39815c8557467bc61eb32060936?s=96&d=mm&r=g","caption":"Jenny Schmitt"},"url":"https:\/\/www.uesc-waldmichelbach.de\/uesc\/author\/jenny\/"}]}},"_links":{"self":[{"href":"https:\/\/www.uesc-waldmichelbach.de\/uesc\/wp-json\/wp\/v2\/posts\/2348","targetHints":{"allow":["GET"]}}],"collection":[{"href":"https:\/\/www.uesc-waldmichelbach.de\/uesc\/wp-json\/wp\/v2\/posts"}],"about":[{"href":"https:\/\/www.uesc-waldmichelbach.de\/uesc\/wp-json\/wp\/v2\/types\/post"}],"author":[{"embeddable":true,"href":"https:\/\/www.uesc-waldmichelbach.de\/uesc\/wp-json\/wp\/v2\/users\/14"}],"replies":[{"embeddable":true,"href":"https:\/\/www.uesc-waldmichelbach.de\/uesc\/wp-json\/wp\/v2\/comments?post=2348"}],"version-history":[{"count":2,"href":"https:\/\/www.uesc-waldmichelbach.de\/uesc\/wp-json\/wp\/v2\/posts\/2348\/revisions"}],"predecessor-version":[{"id":2352,"href":"https:\/\/www.uesc-waldmichelbach.de\/uesc\/wp-json\/wp\/v2\/posts\/2348\/revisions\/2352"}],"wp:attachment":[{"href":"https:\/\/www.uesc-waldmichelbach.de\/uesc\/wp-json\/wp\/v2\/media?parent=2348"}],"wp:term":[{"taxonomy":"category","embeddable":true,"href":"https:\/\/www.uesc-waldmichelbach.de\/uesc\/wp-json\/wp\/v2\/categories?post=2348"},{"taxonomy":"post_tag","embeddable":true,"href":"https:\/\/www.uesc-waldmichelbach.de\/uesc\/wp-json\/wp\/v2\/tags?post=2348"}],"curies":[{"name":"wp","href":"https:\/\/api.w.org\/{rel}","templated":true}]}}