{"id":2343,"date":"2024-10-04T17:42:43","date_gmt":"2024-10-04T15:42:43","guid":{"rendered":"https:\/\/www.uesc-waldmichelbach.de\/uesc\/?p=2343"},"modified":"2024-10-04T17:42:43","modified_gmt":"2024-10-04T15:42:43","slug":"28-09-2024-uesc-erobert-tabellenfuehrung","status":"publish","type":"post","link":"https:\/\/www.uesc-waldmichelbach.de\/uesc\/28-09-2024-uesc-erobert-tabellenfuehrung\/","title":{"rendered":"28.09.2024 &#8211; \u00dcSC erobert Tabellenf\u00fchrung"},"content":{"rendered":"<h4>Volleyball: Wald-Michelbacherinnen gewinnen auch das zweite Ausw\u00e4rtsspiel. Heimpremiere am Sonntag gegen zwei Aufsteiger<\/h4>\n<p>Im zweiten Ausw\u00e4rtsspiel der Saison gewannen die Volleyballerinnen des \u00dcSC Wald-Michelbachs mit 3:0 gegen den SKV M\u00f6rfelden II und eroberten damit mit sechs Punkten die Tabellenf\u00fchrung.<\/p>\n<p>Der \u00dcSC startete gut in den ersten Satz und konnte den Gegner von Beginn an mit harten Aufschl\u00e4gen unter Druck setzen. Auch der Annahmeriegel rund um Libero Mia Durrer \u00fcberzeugte mit einer guten Annahme, damit war es Zuspielerin Sina Schmitt m\u00f6glich ihre Angreiferinnen \u00fcber alle Positionen einzusetzen. Die Mannschaft ging fr\u00fch in F\u00fchrung und gab diese bis zum 25:20 Satzgewinn auch nicht mehr ab.<\/p>\n<p>Auch im zweiten Satz \u00fcberzeugte der \u00dcSC von Beginn an und zeigte im Vergleich zum letzten Spiel eine verbesserte Leistung. Insbesondere die harten Angriffe von Celine Steinmann (Au\u00dfen), Lisa Schmidt (Diagonal) und Sabrina Kr\u00e4mer (Mitte) lie\u00dfen dem Gegner keine Chance in der Abwehr. Der \u00dcSC sicherte sich auch den zweiten Satz mit 25:17.<\/p>\n<p>Zu Beginn des dritten Satzes kam der SKV besser in das Spiel und erzeugte mehr Druck im Aufschlag. Der \u00dcSC konnte durch einige schwache Annahmen seltener Druck im Angriff erzeugen. Der Satz blieb lange ausgeglichen und der \u00dcSC konnte sich nicht absetzen. Dann gelang es dem jungen Team jedoch L\u00f6sungen im Angriff zu finden &#8211; oftmals waren es gezielt platzierte Angriffe, die zum Erfolg f\u00fchrten. Am Ende waren es die starken Sprungaufschl\u00e4ge von Alicia Wagner die zum 25:19 Satzgewinn f\u00fcr den \u00dcSC f\u00fchrten.<\/p>\n<p>Damit wurde das Spiel mit 3:0 deutlich gewonnen.<\/p>\n<p>Am Sonntag steht das erste Heimspiel gegen die beiden Aufsteiger VC Erbach und VSG Dieburg\/M\u00fcnster an. Spielbeginn der ersten Partie ist um 12:00 Uhr in der Adam-Karrillon-Schule.<\/p>\n<p>\u00dcSC: Durrer, Kr\u00e4mer, Oswald, R\u00fcger, Schmidt, Schmitt, Sch\u00fctz, Steinmann, Wagner, Weigel<\/p>\n<p>Auch die zweite Damenmannschaft gewann ihr zweites Ausw\u00e4rtsspiel gegen die SG Arheilgen und bestreitet am kommenden Samstag, den 05. Oktober 2024 ab 15Uhr ihr erstes Heimspiel in der S-Kreisklasse-Ost.<\/p>\n<p>&nbsp;<\/p>\n<div id=\"attachment_2342\" style=\"width: 2570px\" class=\"wp-caption aligncenter\"><img fetchpriority=\"high\" decoding=\"async\" aria-describedby=\"caption-attachment-2342\" class=\"wp-image-2342 size-full\" src=\"https:\/\/www.uesc-waldmichelbach.de\/uesc\/wp-content\/uploads\/2024\/10\/IMG_8031-scaled.jpg\" alt=\"\" width=\"2560\" height=\"1920\" srcset=\"https:\/\/www.uesc-waldmichelbach.de\/uesc\/wp-content\/uploads\/2024\/10\/IMG_8031-scaled.jpg 2560w, https:\/\/www.uesc-waldmichelbach.de\/uesc\/wp-content\/uploads\/2024\/10\/IMG_8031-300x225.jpg 300w, https:\/\/www.uesc-waldmichelbach.de\/uesc\/wp-content\/uploads\/2024\/10\/IMG_8031-768x576.jpg 768w, https:\/\/www.uesc-waldmichelbach.de\/uesc\/wp-content\/uploads\/2024\/10\/IMG_8031-1536x1152.jpg 1536w, https:\/\/www.uesc-waldmichelbach.de\/uesc\/wp-content\/uploads\/2024\/10\/IMG_8031-2048x1536.jpg 2048w, https:\/\/www.uesc-waldmichelbach.de\/uesc\/wp-content\/uploads\/2024\/10\/IMG_8031-600x450.jpg 600w\" sizes=\"(max-width: 2560px) 100vw, 2560px\" \/><p id=\"caption-attachment-2342\" class=\"wp-caption-text\">Die 1. \u00dcSC Damen nach dem Ausw\u00e4rtssieg in M\u00f6rfelden (Bild: Annalena Sch\u00fctz)<\/p><\/div>\n","protected":false},"excerpt":{"rendered":"<p>Volleyball: Wald-Michelbacherinnen gewinnen auch das zweite Ausw\u00e4rtsspiel. Heimpremiere am Sonntag gegen zwei Aufsteiger Im zweiten Ausw\u00e4rtsspiel der Saison gewannen die Volleyballerinnen des \u00dcSC Wald-Michelbachs mit 3:0 gegen den SKV M\u00f6rfelden II und eroberten damit mit sechs Punkten die Tabellenf\u00fchrung. Der \u00dcSC startete gut in den ersten Satz und konnte den Gegner von Beginn an mit [&hellip;]<\/p>\n","protected":false},"author":14,"featured_media":0,"comment_status":"open","ping_status":"open","sticky":false,"template":"","format":"standard","meta":{"footnotes":""},"categories":[1],"tags":[],"class_list":["post-2343","post","type-post","status-publish","format-standard","hentry","category-allgemein"],"yoast_head":"<!-- This site is optimized with the Yoast SEO plugin v27.4 - https:\/\/yoast.com\/product\/yoast-seo-wordpress\/ -->\n<title>28.09.2024 - \u00dcSC erobert Tabellenf\u00fchrung - \u00dcberw\u00e4lder Schulsportclub<\/title>\n<meta name=\"robots\" content=\"index, follow, max-snippet:-1, max-image-preview:large, max-video-preview:-1\" \/>\n<link rel=\"canonical\" href=\"https:\/\/www.uesc-waldmichelbach.de\/uesc\/28-09-2024-uesc-erobert-tabellenfuehrung\/\" \/>\n<meta property=\"og:locale\" content=\"de_DE\" \/>\n<meta property=\"og:type\" content=\"article\" \/>\n<meta property=\"og:title\" content=\"28.09.2024 - \u00dcSC erobert Tabellenf\u00fchrung - \u00dcberw\u00e4lder Schulsportclub\" \/>\n<meta property=\"og:description\" content=\"Volleyball: Wald-Michelbacherinnen gewinnen auch das zweite Ausw\u00e4rtsspiel. Heimpremiere am Sonntag gegen zwei Aufsteiger Im zweiten Ausw\u00e4rtsspiel der Saison gewannen die Volleyballerinnen des \u00dcSC Wald-Michelbachs mit 3:0 gegen den SKV M\u00f6rfelden II und eroberten damit mit sechs Punkten die Tabellenf\u00fchrung. Der \u00dcSC startete gut in den ersten Satz und konnte den Gegner von Beginn an mit [&hellip;]\" \/>\n<meta property=\"og:url\" content=\"https:\/\/www.uesc-waldmichelbach.de\/uesc\/28-09-2024-uesc-erobert-tabellenfuehrung\/\" \/>\n<meta property=\"og:site_name\" content=\"\u00dcberw\u00e4lder Schulsportclub\" \/>\n<meta property=\"article:publisher\" content=\"https:\/\/www.facebook.com\/UESC.WaldMichelbach\" \/>\n<meta property=\"article:published_time\" content=\"2024-10-04T15:42:43+00:00\" \/>\n<meta property=\"og:image\" content=\"https:\/\/www.uesc-waldmichelbach.de\/uesc\/wp-content\/uploads\/2024\/10\/IMG_8031-scaled.jpg\" \/>\n<meta name=\"author\" content=\"Jenny Schmitt\" \/>\n<meta name=\"twitter:card\" content=\"summary_large_image\" \/>\n<meta name=\"twitter:label1\" content=\"Verfasst von\" \/>\n\t<meta name=\"twitter:data1\" content=\"Jenny Schmitt\" \/>\n\t<meta name=\"twitter:label2\" content=\"Gesch\u00e4tzte Lesezeit\" \/>\n\t<meta name=\"twitter:data2\" content=\"2\u00a0Minuten\" \/>\n<script type=\"application\/ld+json\" class=\"yoast-schema-graph\">{\"@context\":\"https:\\\/\\\/schema.org\",\"@graph\":[{\"@type\":\"Article\",\"@id\":\"https:\\\/\\\/www.uesc-waldmichelbach.de\\\/uesc\\\/28-09-2024-uesc-erobert-tabellenfuehrung\\\/#article\",\"isPartOf\":{\"@id\":\"https:\\\/\\\/www.uesc-waldmichelbach.de\\\/uesc\\\/28-09-2024-uesc-erobert-tabellenfuehrung\\\/\"},\"author\":{\"name\":\"Jenny Schmitt\",\"@id\":\"https:\\\/\\\/www.uesc-waldmichelbach.de\\\/uesc\\\/#\\\/schema\\\/person\\\/bcc819d7d59ff001ea06d76dd3a4dc33\"},\"headline\":\"28.09.2024 &#8211; \u00dcSC erobert Tabellenf\u00fchrung\",\"datePublished\":\"2024-10-04T15:42:43+00:00\",\"mainEntityOfPage\":{\"@id\":\"https:\\\/\\\/www.uesc-waldmichelbach.de\\\/uesc\\\/28-09-2024-uesc-erobert-tabellenfuehrung\\\/\"},\"wordCount\":355,\"commentCount\":0,\"publisher\":{\"@id\":\"https:\\\/\\\/www.uesc-waldmichelbach.de\\\/uesc\\\/#organization\"},\"image\":{\"@id\":\"https:\\\/\\\/www.uesc-waldmichelbach.de\\\/uesc\\\/28-09-2024-uesc-erobert-tabellenfuehrung\\\/#primaryimage\"},\"thumbnailUrl\":\"https:\\\/\\\/www.uesc-waldmichelbach.de\\\/uesc\\\/wp-content\\\/uploads\\\/2024\\\/10\\\/IMG_8031-scaled.jpg\",\"inLanguage\":\"de\",\"potentialAction\":[{\"@type\":\"CommentAction\",\"name\":\"Comment\",\"target\":[\"https:\\\/\\\/www.uesc-waldmichelbach.de\\\/uesc\\\/28-09-2024-uesc-erobert-tabellenfuehrung\\\/#respond\"]}]},{\"@type\":\"WebPage\",\"@id\":\"https:\\\/\\\/www.uesc-waldmichelbach.de\\\/uesc\\\/28-09-2024-uesc-erobert-tabellenfuehrung\\\/\",\"url\":\"https:\\\/\\\/www.uesc-waldmichelbach.de\\\/uesc\\\/28-09-2024-uesc-erobert-tabellenfuehrung\\\/\",\"name\":\"28.09.2024 - \u00dcSC erobert Tabellenf\u00fchrung - \u00dcberw\u00e4lder Schulsportclub\",\"isPartOf\":{\"@id\":\"https:\\\/\\\/www.uesc-waldmichelbach.de\\\/uesc\\\/#website\"},\"primaryImageOfPage\":{\"@id\":\"https:\\\/\\\/www.uesc-waldmichelbach.de\\\/uesc\\\/28-09-2024-uesc-erobert-tabellenfuehrung\\\/#primaryimage\"},\"image\":{\"@id\":\"https:\\\/\\\/www.uesc-waldmichelbach.de\\\/uesc\\\/28-09-2024-uesc-erobert-tabellenfuehrung\\\/#primaryimage\"},\"thumbnailUrl\":\"https:\\\/\\\/www.uesc-waldmichelbach.de\\\/uesc\\\/wp-content\\\/uploads\\\/2024\\\/10\\\/IMG_8031-scaled.jpg\",\"datePublished\":\"2024-10-04T15:42:43+00:00\",\"breadcrumb\":{\"@id\":\"https:\\\/\\\/www.uesc-waldmichelbach.de\\\/uesc\\\/28-09-2024-uesc-erobert-tabellenfuehrung\\\/#breadcrumb\"},\"inLanguage\":\"de\",\"potentialAction\":[{\"@type\":\"ReadAction\",\"target\":[\"https:\\\/\\\/www.uesc-waldmichelbach.de\\\/uesc\\\/28-09-2024-uesc-erobert-tabellenfuehrung\\\/\"]}]},{\"@type\":\"ImageObject\",\"inLanguage\":\"de\",\"@id\":\"https:\\\/\\\/www.uesc-waldmichelbach.de\\\/uesc\\\/28-09-2024-uesc-erobert-tabellenfuehrung\\\/#primaryimage\",\"url\":\"https:\\\/\\\/www.uesc-waldmichelbach.de\\\/uesc\\\/wp-content\\\/uploads\\\/2024\\\/10\\\/IMG_8031-scaled.jpg\",\"contentUrl\":\"https:\\\/\\\/www.uesc-waldmichelbach.de\\\/uesc\\\/wp-content\\\/uploads\\\/2024\\\/10\\\/IMG_8031-scaled.jpg\",\"width\":2560,\"height\":1920},{\"@type\":\"BreadcrumbList\",\"@id\":\"https:\\\/\\\/www.uesc-waldmichelbach.de\\\/uesc\\\/28-09-2024-uesc-erobert-tabellenfuehrung\\\/#breadcrumb\",\"itemListElement\":[{\"@type\":\"ListItem\",\"position\":1,\"name\":\"Startseite\",\"item\":\"https:\\\/\\\/www.uesc-waldmichelbach.de\\\/uesc\\\/\"},{\"@type\":\"ListItem\",\"position\":2,\"name\":\"28.09.2024 &#8211; \u00dcSC erobert Tabellenf\u00fchrung\"}]},{\"@type\":\"WebSite\",\"@id\":\"https:\\\/\\\/www.uesc-waldmichelbach.de\\\/uesc\\\/#website\",\"url\":\"https:\\\/\\\/www.uesc-waldmichelbach.de\\\/uesc\\\/\",\"name\":\"\u00dcberw\u00e4lder Schulsportclub\",\"description\":\"\u00dcberw\u00e4lder Sportverein\",\"publisher\":{\"@id\":\"https:\\\/\\\/www.uesc-waldmichelbach.de\\\/uesc\\\/#organization\"},\"potentialAction\":[{\"@type\":\"SearchAction\",\"target\":{\"@type\":\"EntryPoint\",\"urlTemplate\":\"https:\\\/\\\/www.uesc-waldmichelbach.de\\\/uesc\\\/?s={search_term_string}\"},\"query-input\":{\"@type\":\"PropertyValueSpecification\",\"valueRequired\":true,\"valueName\":\"search_term_string\"}}],\"inLanguage\":\"de\"},{\"@type\":\"Organization\",\"@id\":\"https:\\\/\\\/www.uesc-waldmichelbach.de\\\/uesc\\\/#organization\",\"name\":\"\u00dcberw\u00e4lder Schulsportclub\",\"url\":\"https:\\\/\\\/www.uesc-waldmichelbach.de\\\/uesc\\\/\",\"logo\":{\"@type\":\"ImageObject\",\"inLanguage\":\"de\",\"@id\":\"https:\\\/\\\/www.uesc-waldmichelbach.de\\\/uesc\\\/#\\\/schema\\\/logo\\\/image\\\/\",\"url\":\"https:\\\/\\\/www.uesc-waldmichelbach.de\\\/uesc\\\/wp-content\\\/uploads\\\/2022\\\/10\\\/cropped-UeSC-Logo-Varianten.png\",\"contentUrl\":\"https:\\\/\\\/www.uesc-waldmichelbach.de\\\/uesc\\\/wp-content\\\/uploads\\\/2022\\\/10\\\/cropped-UeSC-Logo-Varianten.png\",\"width\":240,\"height\":258,\"caption\":\"\u00dcberw\u00e4lder Schulsportclub\"},\"image\":{\"@id\":\"https:\\\/\\\/www.uesc-waldmichelbach.de\\\/uesc\\\/#\\\/schema\\\/logo\\\/image\\\/\"},\"sameAs\":[\"https:\\\/\\\/www.facebook.com\\\/UESC.WaldMichelbach\",\"https:\\\/\\\/www.instagram.com\\\/uesc.wamiba\\\/\"]},{\"@type\":\"Person\",\"@id\":\"https:\\\/\\\/www.uesc-waldmichelbach.de\\\/uesc\\\/#\\\/schema\\\/person\\\/bcc819d7d59ff001ea06d76dd3a4dc33\",\"name\":\"Jenny Schmitt\",\"image\":{\"@type\":\"ImageObject\",\"inLanguage\":\"de\",\"@id\":\"https:\\\/\\\/secure.gravatar.com\\\/avatar\\\/fca45e91f95d2eb2e48f56c4ff588c847905f39815c8557467bc61eb32060936?s=96&d=mm&r=g\",\"url\":\"https:\\\/\\\/secure.gravatar.com\\\/avatar\\\/fca45e91f95d2eb2e48f56c4ff588c847905f39815c8557467bc61eb32060936?s=96&d=mm&r=g\",\"contentUrl\":\"https:\\\/\\\/secure.gravatar.com\\\/avatar\\\/fca45e91f95d2eb2e48f56c4ff588c847905f39815c8557467bc61eb32060936?s=96&d=mm&r=g\",\"caption\":\"Jenny Schmitt\"},\"url\":\"https:\\\/\\\/www.uesc-waldmichelbach.de\\\/uesc\\\/author\\\/jenny\\\/\"}]}<\/script>\n<!-- \/ Yoast SEO plugin. -->","yoast_head_json":{"title":"28.09.2024 - \u00dcSC erobert Tabellenf\u00fchrung - \u00dcberw\u00e4lder Schulsportclub","robots":{"index":"index","follow":"follow","max-snippet":"max-snippet:-1","max-image-preview":"max-image-preview:large","max-video-preview":"max-video-preview:-1"},"canonical":"https:\/\/www.uesc-waldmichelbach.de\/uesc\/28-09-2024-uesc-erobert-tabellenfuehrung\/","og_locale":"de_DE","og_type":"article","og_title":"28.09.2024 - \u00dcSC erobert Tabellenf\u00fchrung - \u00dcberw\u00e4lder Schulsportclub","og_description":"Volleyball: Wald-Michelbacherinnen gewinnen auch das zweite Ausw\u00e4rtsspiel. Heimpremiere am Sonntag gegen zwei Aufsteiger Im zweiten Ausw\u00e4rtsspiel der Saison gewannen die Volleyballerinnen des \u00dcSC Wald-Michelbachs mit 3:0 gegen den SKV M\u00f6rfelden II und eroberten damit mit sechs Punkten die Tabellenf\u00fchrung. Der \u00dcSC startete gut in den ersten Satz und konnte den Gegner von Beginn an mit [&hellip;]","og_url":"https:\/\/www.uesc-waldmichelbach.de\/uesc\/28-09-2024-uesc-erobert-tabellenfuehrung\/","og_site_name":"\u00dcberw\u00e4lder Schulsportclub","article_publisher":"https:\/\/www.facebook.com\/UESC.WaldMichelbach","article_published_time":"2024-10-04T15:42:43+00:00","og_image":[{"url":"https:\/\/www.uesc-waldmichelbach.de\/uesc\/wp-content\/uploads\/2024\/10\/IMG_8031-scaled.jpg","type":"","width":"","height":""}],"author":"Jenny Schmitt","twitter_card":"summary_large_image","twitter_misc":{"Verfasst von":"Jenny Schmitt","Gesch\u00e4tzte Lesezeit":"2\u00a0Minuten"},"schema":{"@context":"https:\/\/schema.org","@graph":[{"@type":"Article","@id":"https:\/\/www.uesc-waldmichelbach.de\/uesc\/28-09-2024-uesc-erobert-tabellenfuehrung\/#article","isPartOf":{"@id":"https:\/\/www.uesc-waldmichelbach.de\/uesc\/28-09-2024-uesc-erobert-tabellenfuehrung\/"},"author":{"name":"Jenny Schmitt","@id":"https:\/\/www.uesc-waldmichelbach.de\/uesc\/#\/schema\/person\/bcc819d7d59ff001ea06d76dd3a4dc33"},"headline":"28.09.2024 &#8211; \u00dcSC erobert Tabellenf\u00fchrung","datePublished":"2024-10-04T15:42:43+00:00","mainEntityOfPage":{"@id":"https:\/\/www.uesc-waldmichelbach.de\/uesc\/28-09-2024-uesc-erobert-tabellenfuehrung\/"},"wordCount":355,"commentCount":0,"publisher":{"@id":"https:\/\/www.uesc-waldmichelbach.de\/uesc\/#organization"},"image":{"@id":"https:\/\/www.uesc-waldmichelbach.de\/uesc\/28-09-2024-uesc-erobert-tabellenfuehrung\/#primaryimage"},"thumbnailUrl":"https:\/\/www.uesc-waldmichelbach.de\/uesc\/wp-content\/uploads\/2024\/10\/IMG_8031-scaled.jpg","inLanguage":"de","potentialAction":[{"@type":"CommentAction","name":"Comment","target":["https:\/\/www.uesc-waldmichelbach.de\/uesc\/28-09-2024-uesc-erobert-tabellenfuehrung\/#respond"]}]},{"@type":"WebPage","@id":"https:\/\/www.uesc-waldmichelbach.de\/uesc\/28-09-2024-uesc-erobert-tabellenfuehrung\/","url":"https:\/\/www.uesc-waldmichelbach.de\/uesc\/28-09-2024-uesc-erobert-tabellenfuehrung\/","name":"28.09.2024 - \u00dcSC erobert Tabellenf\u00fchrung - \u00dcberw\u00e4lder Schulsportclub","isPartOf":{"@id":"https:\/\/www.uesc-waldmichelbach.de\/uesc\/#website"},"primaryImageOfPage":{"@id":"https:\/\/www.uesc-waldmichelbach.de\/uesc\/28-09-2024-uesc-erobert-tabellenfuehrung\/#primaryimage"},"image":{"@id":"https:\/\/www.uesc-waldmichelbach.de\/uesc\/28-09-2024-uesc-erobert-tabellenfuehrung\/#primaryimage"},"thumbnailUrl":"https:\/\/www.uesc-waldmichelbach.de\/uesc\/wp-content\/uploads\/2024\/10\/IMG_8031-scaled.jpg","datePublished":"2024-10-04T15:42:43+00:00","breadcrumb":{"@id":"https:\/\/www.uesc-waldmichelbach.de\/uesc\/28-09-2024-uesc-erobert-tabellenfuehrung\/#breadcrumb"},"inLanguage":"de","potentialAction":[{"@type":"ReadAction","target":["https:\/\/www.uesc-waldmichelbach.de\/uesc\/28-09-2024-uesc-erobert-tabellenfuehrung\/"]}]},{"@type":"ImageObject","inLanguage":"de","@id":"https:\/\/www.uesc-waldmichelbach.de\/uesc\/28-09-2024-uesc-erobert-tabellenfuehrung\/#primaryimage","url":"https:\/\/www.uesc-waldmichelbach.de\/uesc\/wp-content\/uploads\/2024\/10\/IMG_8031-scaled.jpg","contentUrl":"https:\/\/www.uesc-waldmichelbach.de\/uesc\/wp-content\/uploads\/2024\/10\/IMG_8031-scaled.jpg","width":2560,"height":1920},{"@type":"BreadcrumbList","@id":"https:\/\/www.uesc-waldmichelbach.de\/uesc\/28-09-2024-uesc-erobert-tabellenfuehrung\/#breadcrumb","itemListElement":[{"@type":"ListItem","position":1,"name":"Startseite","item":"https:\/\/www.uesc-waldmichelbach.de\/uesc\/"},{"@type":"ListItem","position":2,"name":"28.09.2024 &#8211; \u00dcSC erobert Tabellenf\u00fchrung"}]},{"@type":"WebSite","@id":"https:\/\/www.uesc-waldmichelbach.de\/uesc\/#website","url":"https:\/\/www.uesc-waldmichelbach.de\/uesc\/","name":"\u00dcberw\u00e4lder Schulsportclub","description":"\u00dcberw\u00e4lder Sportverein","publisher":{"@id":"https:\/\/www.uesc-waldmichelbach.de\/uesc\/#organization"},"potentialAction":[{"@type":"SearchAction","target":{"@type":"EntryPoint","urlTemplate":"https:\/\/www.uesc-waldmichelbach.de\/uesc\/?s={search_term_string}"},"query-input":{"@type":"PropertyValueSpecification","valueRequired":true,"valueName":"search_term_string"}}],"inLanguage":"de"},{"@type":"Organization","@id":"https:\/\/www.uesc-waldmichelbach.de\/uesc\/#organization","name":"\u00dcberw\u00e4lder Schulsportclub","url":"https:\/\/www.uesc-waldmichelbach.de\/uesc\/","logo":{"@type":"ImageObject","inLanguage":"de","@id":"https:\/\/www.uesc-waldmichelbach.de\/uesc\/#\/schema\/logo\/image\/","url":"https:\/\/www.uesc-waldmichelbach.de\/uesc\/wp-content\/uploads\/2022\/10\/cropped-UeSC-Logo-Varianten.png","contentUrl":"https:\/\/www.uesc-waldmichelbach.de\/uesc\/wp-content\/uploads\/2022\/10\/cropped-UeSC-Logo-Varianten.png","width":240,"height":258,"caption":"\u00dcberw\u00e4lder Schulsportclub"},"image":{"@id":"https:\/\/www.uesc-waldmichelbach.de\/uesc\/#\/schema\/logo\/image\/"},"sameAs":["https:\/\/www.facebook.com\/UESC.WaldMichelbach","https:\/\/www.instagram.com\/uesc.wamiba\/"]},{"@type":"Person","@id":"https:\/\/www.uesc-waldmichelbach.de\/uesc\/#\/schema\/person\/bcc819d7d59ff001ea06d76dd3a4dc33","name":"Jenny Schmitt","image":{"@type":"ImageObject","inLanguage":"de","@id":"https:\/\/secure.gravatar.com\/avatar\/fca45e91f95d2eb2e48f56c4ff588c847905f39815c8557467bc61eb32060936?s=96&d=mm&r=g","url":"https:\/\/secure.gravatar.com\/avatar\/fca45e91f95d2eb2e48f56c4ff588c847905f39815c8557467bc61eb32060936?s=96&d=mm&r=g","contentUrl":"https:\/\/secure.gravatar.com\/avatar\/fca45e91f95d2eb2e48f56c4ff588c847905f39815c8557467bc61eb32060936?s=96&d=mm&r=g","caption":"Jenny Schmitt"},"url":"https:\/\/www.uesc-waldmichelbach.de\/uesc\/author\/jenny\/"}]}},"_links":{"self":[{"href":"https:\/\/www.uesc-waldmichelbach.de\/uesc\/wp-json\/wp\/v2\/posts\/2343","targetHints":{"allow":["GET"]}}],"collection":[{"href":"https:\/\/www.uesc-waldmichelbach.de\/uesc\/wp-json\/wp\/v2\/posts"}],"about":[{"href":"https:\/\/www.uesc-waldmichelbach.de\/uesc\/wp-json\/wp\/v2\/types\/post"}],"author":[{"embeddable":true,"href":"https:\/\/www.uesc-waldmichelbach.de\/uesc\/wp-json\/wp\/v2\/users\/14"}],"replies":[{"embeddable":true,"href":"https:\/\/www.uesc-waldmichelbach.de\/uesc\/wp-json\/wp\/v2\/comments?post=2343"}],"version-history":[{"count":3,"href":"https:\/\/www.uesc-waldmichelbach.de\/uesc\/wp-json\/wp\/v2\/posts\/2343\/revisions"}],"predecessor-version":[{"id":2346,"href":"https:\/\/www.uesc-waldmichelbach.de\/uesc\/wp-json\/wp\/v2\/posts\/2343\/revisions\/2346"}],"wp:attachment":[{"href":"https:\/\/www.uesc-waldmichelbach.de\/uesc\/wp-json\/wp\/v2\/media?parent=2343"}],"wp:term":[{"taxonomy":"category","embeddable":true,"href":"https:\/\/www.uesc-waldmichelbach.de\/uesc\/wp-json\/wp\/v2\/categories?post=2343"},{"taxonomy":"post_tag","embeddable":true,"href":"https:\/\/www.uesc-waldmichelbach.de\/uesc\/wp-json\/wp\/v2\/tags?post=2343"}],"curies":[{"name":"wp","href":"https:\/\/api.w.org\/{rel}","templated":true}]}}