{"id":2335,"date":"2024-09-25T13:55:34","date_gmt":"2024-09-25T11:55:34","guid":{"rendered":"https:\/\/www.uesc-waldmichelbach.de\/uesc\/?p=2335"},"modified":"2024-09-25T13:56:41","modified_gmt":"2024-09-25T11:56:41","slug":"uesc-startet-erfolgreich","status":"publish","type":"post","link":"https:\/\/www.uesc-waldmichelbach.de\/uesc\/uesc-startet-erfolgreich\/","title":{"rendered":"22.09.2024 &#8211; \u00dcSC startet erfolgreich"},"content":{"rendered":"<h4>Volleyball: Das junge Team hat viel Potential<\/h4>\n<p>Die Volleyballerinnen des \u00dcSC Wald-Michelbachs starten mit einem 3:0 Sieg gegen den VC Ober-Roden in die neue Saison in der Bezirksoberliga S\u00fcd.<\/p>\n<p>Die vergangene Saison beendeten die \u00dcSC-Damen auf dem dritten Tabellenplatz. F\u00fcr die neue Runde strebt das junge Team eine Verbesserung dieser Platzierung an. Auch ein Aufstieg in die Landesliga scheint nicht unm\u00f6glich, wenn das junge Team sein Potential voll aussch\u00f6pfen kann und Verletzungen ausbleiben. Als Neuzug\u00e4nge werden Allrounderin Annalena Sch\u00fctz und Mia Durrer (Libera) das Team verst\u00e4rken. Trainiert wird die erste Damen-Mannschaft weiterhin von Michael Klieber.<\/p>\n<p>Im ersten Ausw\u00e4rtsspiel ging es gegen die Damen des VC Ober-Roden. Der \u00dcSC startet motiviert in das Spiel und ging fr\u00fch in F\u00fchrung. Am Satzende kam der VC durch eine Aufschlagserie zwar noch einmal heran, allerdings konnte man den Satz am Ende doch souver\u00e4n mit 25:17 f\u00fcr sich entscheiden. Die \u00dcSC-Damen starteten schlecht in den zweiten Satz und lagen nach einer Aufschlagserie des Gegners fr\u00fch mit 0:5 hinten. In der Annahme zeigten sich Unsicherheiten, sodass oftmals kein ruhiger Spielaufbau m\u00f6glich war. Es folgten viele Eigenfehler, die aus fehlender Absprache und Kommunikation auf dem Feld resultierten. Obwohl der \u00dcSC im Angriff deutlich \u00fcberlegen war, waren oft lange Ballwechsel n\u00f6tig, um den Punkt zu erzielen. Nach einer Auszeit von Coach Klieber stabilisierte sich die Annahme und das junge Team k\u00e4mpfte sich Punkt f\u00fcr Punkt wieder heran. Aufgrund fehlenden Drucks im Aufschlag gelang es dem VC jedoch immer wieder zu punkten. Am Ende behielten die \u00dcSC-Damen die Nerven und entschieden den Satz knapp mit 25:22 f\u00fcr sich.<\/p>\n<p>Im entscheidenden dritten Satz kam die Mannschaft wieder besser in das Spiel und erzeugte deutlich mehr Druck im Aufschlag und Angriff. Der Satz war lange eng umk\u00e4mpft, bevor sich der \u00dcSC am Ende absetzen konnte. Der Satz endete mit 25:18 f\u00fcr den \u00dcSC, der das Spiel damit mit 3:0 f\u00fcr sich entscheidet.<\/p>\n<p>Am kommenden Samstag steht das n\u00e4chste Ausw\u00e4rtsspiel gegen die SKV M\u00f6rlfelden II an.<\/p>\n<p>\u00dcSC: Durrer, Kr\u00e4mer, Oswald, R\u00fcger, Schmidt, Schmitt, Sch\u00fctz, Steinmann, Wagner, Weigel<\/p>\n","protected":false},"excerpt":{"rendered":"<p>Volleyball: Das junge Team hat viel Potential Die Volleyballerinnen des \u00dcSC Wald-Michelbachs starten mit einem 3:0 Sieg gegen den VC Ober-Roden in die neue Saison in der Bezirksoberliga S\u00fcd. Die vergangene Saison beendeten die \u00dcSC-Damen auf dem dritten Tabellenplatz. F\u00fcr die neue Runde strebt das junge Team eine Verbesserung dieser Platzierung an. Auch ein Aufstieg [&hellip;]<\/p>\n","protected":false},"author":14,"featured_media":0,"comment_status":"open","ping_status":"open","sticky":false,"template":"","format":"standard","meta":{"footnotes":""},"categories":[1],"tags":[],"class_list":["post-2335","post","type-post","status-publish","format-standard","hentry","category-allgemein"],"yoast_head":"<!-- This site is optimized with the Yoast SEO plugin v27.4 - https:\/\/yoast.com\/product\/yoast-seo-wordpress\/ -->\n<title>22.09.2024 - \u00dcSC startet erfolgreich - \u00dcberw\u00e4lder Schulsportclub<\/title>\n<meta name=\"robots\" content=\"index, follow, max-snippet:-1, max-image-preview:large, max-video-preview:-1\" \/>\n<link rel=\"canonical\" href=\"https:\/\/www.uesc-waldmichelbach.de\/uesc\/uesc-startet-erfolgreich\/\" \/>\n<meta property=\"og:locale\" content=\"de_DE\" \/>\n<meta property=\"og:type\" content=\"article\" \/>\n<meta property=\"og:title\" content=\"22.09.2024 - \u00dcSC startet erfolgreich - \u00dcberw\u00e4lder Schulsportclub\" \/>\n<meta property=\"og:description\" content=\"Volleyball: Das junge Team hat viel Potential Die Volleyballerinnen des \u00dcSC Wald-Michelbachs starten mit einem 3:0 Sieg gegen den VC Ober-Roden in die neue Saison in der Bezirksoberliga S\u00fcd. Die vergangene Saison beendeten die \u00dcSC-Damen auf dem dritten Tabellenplatz. F\u00fcr die neue Runde strebt das junge Team eine Verbesserung dieser Platzierung an. Auch ein Aufstieg [&hellip;]\" \/>\n<meta property=\"og:url\" content=\"https:\/\/www.uesc-waldmichelbach.de\/uesc\/uesc-startet-erfolgreich\/\" \/>\n<meta property=\"og:site_name\" content=\"\u00dcberw\u00e4lder Schulsportclub\" \/>\n<meta property=\"article:publisher\" content=\"https:\/\/www.facebook.com\/UESC.WaldMichelbach\" \/>\n<meta property=\"article:published_time\" content=\"2024-09-25T11:55:34+00:00\" \/>\n<meta property=\"article:modified_time\" content=\"2024-09-25T11:56:41+00:00\" \/>\n<meta name=\"author\" content=\"Jenny Schmitt\" \/>\n<meta name=\"twitter:card\" content=\"summary_large_image\" \/>\n<meta name=\"twitter:label1\" content=\"Verfasst von\" \/>\n\t<meta name=\"twitter:data1\" content=\"Jenny Schmitt\" \/>\n\t<meta name=\"twitter:label2\" content=\"Gesch\u00e4tzte Lesezeit\" \/>\n\t<meta name=\"twitter:data2\" content=\"2\u00a0Minuten\" \/>\n<script type=\"application\/ld+json\" class=\"yoast-schema-graph\">{\"@context\":\"https:\\\/\\\/schema.org\",\"@graph\":[{\"@type\":\"Article\",\"@id\":\"https:\\\/\\\/www.uesc-waldmichelbach.de\\\/uesc\\\/uesc-startet-erfolgreich\\\/#article\",\"isPartOf\":{\"@id\":\"https:\\\/\\\/www.uesc-waldmichelbach.de\\\/uesc\\\/uesc-startet-erfolgreich\\\/\"},\"author\":{\"name\":\"Jenny Schmitt\",\"@id\":\"https:\\\/\\\/www.uesc-waldmichelbach.de\\\/uesc\\\/#\\\/schema\\\/person\\\/bcc819d7d59ff001ea06d76dd3a4dc33\"},\"headline\":\"22.09.2024 &#8211; \u00dcSC startet erfolgreich\",\"datePublished\":\"2024-09-25T11:55:34+00:00\",\"dateModified\":\"2024-09-25T11:56:41+00:00\",\"mainEntityOfPage\":{\"@id\":\"https:\\\/\\\/www.uesc-waldmichelbach.de\\\/uesc\\\/uesc-startet-erfolgreich\\\/\"},\"wordCount\":360,\"commentCount\":0,\"publisher\":{\"@id\":\"https:\\\/\\\/www.uesc-waldmichelbach.de\\\/uesc\\\/#organization\"},\"inLanguage\":\"de\",\"potentialAction\":[{\"@type\":\"CommentAction\",\"name\":\"Comment\",\"target\":[\"https:\\\/\\\/www.uesc-waldmichelbach.de\\\/uesc\\\/uesc-startet-erfolgreich\\\/#respond\"]}]},{\"@type\":\"WebPage\",\"@id\":\"https:\\\/\\\/www.uesc-waldmichelbach.de\\\/uesc\\\/uesc-startet-erfolgreich\\\/\",\"url\":\"https:\\\/\\\/www.uesc-waldmichelbach.de\\\/uesc\\\/uesc-startet-erfolgreich\\\/\",\"name\":\"22.09.2024 - \u00dcSC startet erfolgreich - \u00dcberw\u00e4lder Schulsportclub\",\"isPartOf\":{\"@id\":\"https:\\\/\\\/www.uesc-waldmichelbach.de\\\/uesc\\\/#website\"},\"datePublished\":\"2024-09-25T11:55:34+00:00\",\"dateModified\":\"2024-09-25T11:56:41+00:00\",\"breadcrumb\":{\"@id\":\"https:\\\/\\\/www.uesc-waldmichelbach.de\\\/uesc\\\/uesc-startet-erfolgreich\\\/#breadcrumb\"},\"inLanguage\":\"de\",\"potentialAction\":[{\"@type\":\"ReadAction\",\"target\":[\"https:\\\/\\\/www.uesc-waldmichelbach.de\\\/uesc\\\/uesc-startet-erfolgreich\\\/\"]}]},{\"@type\":\"BreadcrumbList\",\"@id\":\"https:\\\/\\\/www.uesc-waldmichelbach.de\\\/uesc\\\/uesc-startet-erfolgreich\\\/#breadcrumb\",\"itemListElement\":[{\"@type\":\"ListItem\",\"position\":1,\"name\":\"Startseite\",\"item\":\"https:\\\/\\\/www.uesc-waldmichelbach.de\\\/uesc\\\/\"},{\"@type\":\"ListItem\",\"position\":2,\"name\":\"22.09.2024 &#8211; \u00dcSC startet erfolgreich\"}]},{\"@type\":\"WebSite\",\"@id\":\"https:\\\/\\\/www.uesc-waldmichelbach.de\\\/uesc\\\/#website\",\"url\":\"https:\\\/\\\/www.uesc-waldmichelbach.de\\\/uesc\\\/\",\"name\":\"\u00dcberw\u00e4lder Schulsportclub\",\"description\":\"\u00dcberw\u00e4lder Sportverein\",\"publisher\":{\"@id\":\"https:\\\/\\\/www.uesc-waldmichelbach.de\\\/uesc\\\/#organization\"},\"potentialAction\":[{\"@type\":\"SearchAction\",\"target\":{\"@type\":\"EntryPoint\",\"urlTemplate\":\"https:\\\/\\\/www.uesc-waldmichelbach.de\\\/uesc\\\/?s={search_term_string}\"},\"query-input\":{\"@type\":\"PropertyValueSpecification\",\"valueRequired\":true,\"valueName\":\"search_term_string\"}}],\"inLanguage\":\"de\"},{\"@type\":\"Organization\",\"@id\":\"https:\\\/\\\/www.uesc-waldmichelbach.de\\\/uesc\\\/#organization\",\"name\":\"\u00dcberw\u00e4lder Schulsportclub\",\"url\":\"https:\\\/\\\/www.uesc-waldmichelbach.de\\\/uesc\\\/\",\"logo\":{\"@type\":\"ImageObject\",\"inLanguage\":\"de\",\"@id\":\"https:\\\/\\\/www.uesc-waldmichelbach.de\\\/uesc\\\/#\\\/schema\\\/logo\\\/image\\\/\",\"url\":\"https:\\\/\\\/www.uesc-waldmichelbach.de\\\/uesc\\\/wp-content\\\/uploads\\\/2022\\\/10\\\/cropped-UeSC-Logo-Varianten.png\",\"contentUrl\":\"https:\\\/\\\/www.uesc-waldmichelbach.de\\\/uesc\\\/wp-content\\\/uploads\\\/2022\\\/10\\\/cropped-UeSC-Logo-Varianten.png\",\"width\":240,\"height\":258,\"caption\":\"\u00dcberw\u00e4lder Schulsportclub\"},\"image\":{\"@id\":\"https:\\\/\\\/www.uesc-waldmichelbach.de\\\/uesc\\\/#\\\/schema\\\/logo\\\/image\\\/\"},\"sameAs\":[\"https:\\\/\\\/www.facebook.com\\\/UESC.WaldMichelbach\",\"https:\\\/\\\/www.instagram.com\\\/uesc.wamiba\\\/\"]},{\"@type\":\"Person\",\"@id\":\"https:\\\/\\\/www.uesc-waldmichelbach.de\\\/uesc\\\/#\\\/schema\\\/person\\\/bcc819d7d59ff001ea06d76dd3a4dc33\",\"name\":\"Jenny Schmitt\",\"image\":{\"@type\":\"ImageObject\",\"inLanguage\":\"de\",\"@id\":\"https:\\\/\\\/secure.gravatar.com\\\/avatar\\\/fca45e91f95d2eb2e48f56c4ff588c847905f39815c8557467bc61eb32060936?s=96&d=mm&r=g\",\"url\":\"https:\\\/\\\/secure.gravatar.com\\\/avatar\\\/fca45e91f95d2eb2e48f56c4ff588c847905f39815c8557467bc61eb32060936?s=96&d=mm&r=g\",\"contentUrl\":\"https:\\\/\\\/secure.gravatar.com\\\/avatar\\\/fca45e91f95d2eb2e48f56c4ff588c847905f39815c8557467bc61eb32060936?s=96&d=mm&r=g\",\"caption\":\"Jenny Schmitt\"},\"url\":\"https:\\\/\\\/www.uesc-waldmichelbach.de\\\/uesc\\\/author\\\/jenny\\\/\"}]}<\/script>\n<!-- \/ Yoast SEO plugin. -->","yoast_head_json":{"title":"22.09.2024 - \u00dcSC startet erfolgreich - \u00dcberw\u00e4lder Schulsportclub","robots":{"index":"index","follow":"follow","max-snippet":"max-snippet:-1","max-image-preview":"max-image-preview:large","max-video-preview":"max-video-preview:-1"},"canonical":"https:\/\/www.uesc-waldmichelbach.de\/uesc\/uesc-startet-erfolgreich\/","og_locale":"de_DE","og_type":"article","og_title":"22.09.2024 - \u00dcSC startet erfolgreich - \u00dcberw\u00e4lder Schulsportclub","og_description":"Volleyball: Das junge Team hat viel Potential Die Volleyballerinnen des \u00dcSC Wald-Michelbachs starten mit einem 3:0 Sieg gegen den VC Ober-Roden in die neue Saison in der Bezirksoberliga S\u00fcd. Die vergangene Saison beendeten die \u00dcSC-Damen auf dem dritten Tabellenplatz. F\u00fcr die neue Runde strebt das junge Team eine Verbesserung dieser Platzierung an. Auch ein Aufstieg [&hellip;]","og_url":"https:\/\/www.uesc-waldmichelbach.de\/uesc\/uesc-startet-erfolgreich\/","og_site_name":"\u00dcberw\u00e4lder Schulsportclub","article_publisher":"https:\/\/www.facebook.com\/UESC.WaldMichelbach","article_published_time":"2024-09-25T11:55:34+00:00","article_modified_time":"2024-09-25T11:56:41+00:00","author":"Jenny Schmitt","twitter_card":"summary_large_image","twitter_misc":{"Verfasst von":"Jenny Schmitt","Gesch\u00e4tzte Lesezeit":"2\u00a0Minuten"},"schema":{"@context":"https:\/\/schema.org","@graph":[{"@type":"Article","@id":"https:\/\/www.uesc-waldmichelbach.de\/uesc\/uesc-startet-erfolgreich\/#article","isPartOf":{"@id":"https:\/\/www.uesc-waldmichelbach.de\/uesc\/uesc-startet-erfolgreich\/"},"author":{"name":"Jenny Schmitt","@id":"https:\/\/www.uesc-waldmichelbach.de\/uesc\/#\/schema\/person\/bcc819d7d59ff001ea06d76dd3a4dc33"},"headline":"22.09.2024 &#8211; \u00dcSC startet erfolgreich","datePublished":"2024-09-25T11:55:34+00:00","dateModified":"2024-09-25T11:56:41+00:00","mainEntityOfPage":{"@id":"https:\/\/www.uesc-waldmichelbach.de\/uesc\/uesc-startet-erfolgreich\/"},"wordCount":360,"commentCount":0,"publisher":{"@id":"https:\/\/www.uesc-waldmichelbach.de\/uesc\/#organization"},"inLanguage":"de","potentialAction":[{"@type":"CommentAction","name":"Comment","target":["https:\/\/www.uesc-waldmichelbach.de\/uesc\/uesc-startet-erfolgreich\/#respond"]}]},{"@type":"WebPage","@id":"https:\/\/www.uesc-waldmichelbach.de\/uesc\/uesc-startet-erfolgreich\/","url":"https:\/\/www.uesc-waldmichelbach.de\/uesc\/uesc-startet-erfolgreich\/","name":"22.09.2024 - \u00dcSC startet erfolgreich - \u00dcberw\u00e4lder Schulsportclub","isPartOf":{"@id":"https:\/\/www.uesc-waldmichelbach.de\/uesc\/#website"},"datePublished":"2024-09-25T11:55:34+00:00","dateModified":"2024-09-25T11:56:41+00:00","breadcrumb":{"@id":"https:\/\/www.uesc-waldmichelbach.de\/uesc\/uesc-startet-erfolgreich\/#breadcrumb"},"inLanguage":"de","potentialAction":[{"@type":"ReadAction","target":["https:\/\/www.uesc-waldmichelbach.de\/uesc\/uesc-startet-erfolgreich\/"]}]},{"@type":"BreadcrumbList","@id":"https:\/\/www.uesc-waldmichelbach.de\/uesc\/uesc-startet-erfolgreich\/#breadcrumb","itemListElement":[{"@type":"ListItem","position":1,"name":"Startseite","item":"https:\/\/www.uesc-waldmichelbach.de\/uesc\/"},{"@type":"ListItem","position":2,"name":"22.09.2024 &#8211; \u00dcSC startet erfolgreich"}]},{"@type":"WebSite","@id":"https:\/\/www.uesc-waldmichelbach.de\/uesc\/#website","url":"https:\/\/www.uesc-waldmichelbach.de\/uesc\/","name":"\u00dcberw\u00e4lder Schulsportclub","description":"\u00dcberw\u00e4lder Sportverein","publisher":{"@id":"https:\/\/www.uesc-waldmichelbach.de\/uesc\/#organization"},"potentialAction":[{"@type":"SearchAction","target":{"@type":"EntryPoint","urlTemplate":"https:\/\/www.uesc-waldmichelbach.de\/uesc\/?s={search_term_string}"},"query-input":{"@type":"PropertyValueSpecification","valueRequired":true,"valueName":"search_term_string"}}],"inLanguage":"de"},{"@type":"Organization","@id":"https:\/\/www.uesc-waldmichelbach.de\/uesc\/#organization","name":"\u00dcberw\u00e4lder Schulsportclub","url":"https:\/\/www.uesc-waldmichelbach.de\/uesc\/","logo":{"@type":"ImageObject","inLanguage":"de","@id":"https:\/\/www.uesc-waldmichelbach.de\/uesc\/#\/schema\/logo\/image\/","url":"https:\/\/www.uesc-waldmichelbach.de\/uesc\/wp-content\/uploads\/2022\/10\/cropped-UeSC-Logo-Varianten.png","contentUrl":"https:\/\/www.uesc-waldmichelbach.de\/uesc\/wp-content\/uploads\/2022\/10\/cropped-UeSC-Logo-Varianten.png","width":240,"height":258,"caption":"\u00dcberw\u00e4lder Schulsportclub"},"image":{"@id":"https:\/\/www.uesc-waldmichelbach.de\/uesc\/#\/schema\/logo\/image\/"},"sameAs":["https:\/\/www.facebook.com\/UESC.WaldMichelbach","https:\/\/www.instagram.com\/uesc.wamiba\/"]},{"@type":"Person","@id":"https:\/\/www.uesc-waldmichelbach.de\/uesc\/#\/schema\/person\/bcc819d7d59ff001ea06d76dd3a4dc33","name":"Jenny Schmitt","image":{"@type":"ImageObject","inLanguage":"de","@id":"https:\/\/secure.gravatar.com\/avatar\/fca45e91f95d2eb2e48f56c4ff588c847905f39815c8557467bc61eb32060936?s=96&d=mm&r=g","url":"https:\/\/secure.gravatar.com\/avatar\/fca45e91f95d2eb2e48f56c4ff588c847905f39815c8557467bc61eb32060936?s=96&d=mm&r=g","contentUrl":"https:\/\/secure.gravatar.com\/avatar\/fca45e91f95d2eb2e48f56c4ff588c847905f39815c8557467bc61eb32060936?s=96&d=mm&r=g","caption":"Jenny Schmitt"},"url":"https:\/\/www.uesc-waldmichelbach.de\/uesc\/author\/jenny\/"}]}},"_links":{"self":[{"href":"https:\/\/www.uesc-waldmichelbach.de\/uesc\/wp-json\/wp\/v2\/posts\/2335","targetHints":{"allow":["GET"]}}],"collection":[{"href":"https:\/\/www.uesc-waldmichelbach.de\/uesc\/wp-json\/wp\/v2\/posts"}],"about":[{"href":"https:\/\/www.uesc-waldmichelbach.de\/uesc\/wp-json\/wp\/v2\/types\/post"}],"author":[{"embeddable":true,"href":"https:\/\/www.uesc-waldmichelbach.de\/uesc\/wp-json\/wp\/v2\/users\/14"}],"replies":[{"embeddable":true,"href":"https:\/\/www.uesc-waldmichelbach.de\/uesc\/wp-json\/wp\/v2\/comments?post=2335"}],"version-history":[{"count":3,"href":"https:\/\/www.uesc-waldmichelbach.de\/uesc\/wp-json\/wp\/v2\/posts\/2335\/revisions"}],"predecessor-version":[{"id":2338,"href":"https:\/\/www.uesc-waldmichelbach.de\/uesc\/wp-json\/wp\/v2\/posts\/2335\/revisions\/2338"}],"wp:attachment":[{"href":"https:\/\/www.uesc-waldmichelbach.de\/uesc\/wp-json\/wp\/v2\/media?parent=2335"}],"wp:term":[{"taxonomy":"category","embeddable":true,"href":"https:\/\/www.uesc-waldmichelbach.de\/uesc\/wp-json\/wp\/v2\/categories?post=2335"},{"taxonomy":"post_tag","embeddable":true,"href":"https:\/\/www.uesc-waldmichelbach.de\/uesc\/wp-json\/wp\/v2\/tags?post=2335"}],"curies":[{"name":"wp","href":"https:\/\/api.w.org\/{rel}","templated":true}]}}