{"id":2324,"date":"2024-09-02T15:09:35","date_gmt":"2024-09-02T13:09:35","guid":{"rendered":"https:\/\/www.uesc-waldmichelbach.de\/uesc\/?p=2324"},"modified":"2024-09-02T15:09:36","modified_gmt":"2024-09-02T13:09:36","slug":"uesc-wald-michelbach-auf-der-kerwe-2024","status":"publish","type":"post","link":"https:\/\/www.uesc-waldmichelbach.de\/uesc\/uesc-wald-michelbach-auf-der-kerwe-2024\/","title":{"rendered":"\u00dcSC Wald-Michelbach auf der Kerwe 2024"},"content":{"rendered":"<p>Nach dem erfolgreichen Wiederaufleben eines Kerwestandes im letzten Jahr hat die 1. Damenmannschaft in diesem Jahr erneut f\u00fcr k\u00fchle Getr\u00e4nke und hei\u00dfe Beats gesorgt. Von Freitag bis Montag gab es beim \u00dcSC Bier, Apfelwein, Aperol und vieles mehr. Auch der Bier Pong Tisch hatte ein Revival.<\/p>\n<p>Freitag und Samstag legte DJ Felle auf und sorgte f\u00fcr ordentlich Stimmung.<\/p>\n<p>Wir danken allen Helfern und nat\u00fcrlich allen Besuchern, die diese Kerwe wieder zu einem tollen Event gemacht haben!<\/p>\n<p>Wir sehen uns alle im n\u00e4chsten Jahr!<\/p>\n<div id=\"attachment_2326\" style=\"width: 310px\" class=\"wp-caption aligncenter\"><img fetchpriority=\"high\" decoding=\"async\" aria-describedby=\"caption-attachment-2326\" class=\"wp-image-2326 size-medium\" src=\"https:\/\/www.uesc-waldmichelbach.de\/uesc\/wp-content\/uploads\/2024\/09\/dce42c53-66a4-4614-88ad-0747d19cb919-300x300.jpg\" alt=\"\" width=\"300\" height=\"300\" srcset=\"https:\/\/www.uesc-waldmichelbach.de\/uesc\/wp-content\/uploads\/2024\/09\/dce42c53-66a4-4614-88ad-0747d19cb919-300x300.jpg 300w, https:\/\/www.uesc-waldmichelbach.de\/uesc\/wp-content\/uploads\/2024\/09\/dce42c53-66a4-4614-88ad-0747d19cb919-150x150.jpg 150w, https:\/\/www.uesc-waldmichelbach.de\/uesc\/wp-content\/uploads\/2024\/09\/dce42c53-66a4-4614-88ad-0747d19cb919-768x768.jpg 768w, https:\/\/www.uesc-waldmichelbach.de\/uesc\/wp-content\/uploads\/2024\/09\/dce42c53-66a4-4614-88ad-0747d19cb919-1200x1200.jpg 1200w, https:\/\/www.uesc-waldmichelbach.de\/uesc\/wp-content\/uploads\/2024\/09\/dce42c53-66a4-4614-88ad-0747d19cb919-600x600.jpg 600w, https:\/\/www.uesc-waldmichelbach.de\/uesc\/wp-content\/uploads\/2024\/09\/dce42c53-66a4-4614-88ad-0747d19cb919-100x100.jpg 100w, https:\/\/www.uesc-waldmichelbach.de\/uesc\/wp-content\/uploads\/2024\/09\/dce42c53-66a4-4614-88ad-0747d19cb919.jpg 1440w\" sizes=\"(max-width: 300px) 100vw, 300px\" \/><p id=\"caption-attachment-2326\" class=\"wp-caption-text\">In diesem Jahr fand der Fassbieranstich zur Er\u00f6ffnung der Kerwe bei uns am Stand statt<\/p><\/div>\n","protected":false},"excerpt":{"rendered":"<p>Nach dem erfolgreichen Wiederaufleben eines Kerwestandes im letzten Jahr hat die 1. Damenmannschaft in diesem Jahr erneut f\u00fcr k\u00fchle Getr\u00e4nke und hei\u00dfe Beats gesorgt. Von Freitag bis Montag gab es beim \u00dcSC Bier, Apfelwein, Aperol und vieles mehr. Auch der Bier Pong Tisch hatte ein Revival. Freitag und Samstag legte DJ Felle auf und sorgte [&hellip;]<\/p>\n","protected":false},"author":14,"featured_media":0,"comment_status":"open","ping_status":"open","sticky":false,"template":"","format":"standard","meta":{"footnotes":""},"categories":[1],"tags":[],"class_list":["post-2324","post","type-post","status-publish","format-standard","hentry","category-allgemein"],"yoast_head":"<!-- This site is optimized with the Yoast SEO plugin v27.4 - https:\/\/yoast.com\/product\/yoast-seo-wordpress\/ -->\n<title>\u00dcSC Wald-Michelbach auf der Kerwe 2024 - \u00dcberw\u00e4lder Schulsportclub<\/title>\n<meta name=\"robots\" content=\"index, follow, max-snippet:-1, max-image-preview:large, max-video-preview:-1\" \/>\n<link rel=\"canonical\" href=\"https:\/\/www.uesc-waldmichelbach.de\/uesc\/uesc-wald-michelbach-auf-der-kerwe-2024\/\" \/>\n<meta property=\"og:locale\" content=\"de_DE\" \/>\n<meta property=\"og:type\" content=\"article\" \/>\n<meta property=\"og:title\" content=\"\u00dcSC Wald-Michelbach auf der Kerwe 2024 - \u00dcberw\u00e4lder Schulsportclub\" \/>\n<meta property=\"og:description\" content=\"Nach dem erfolgreichen Wiederaufleben eines Kerwestandes im letzten Jahr hat die 1. Damenmannschaft in diesem Jahr erneut f\u00fcr k\u00fchle Getr\u00e4nke und hei\u00dfe Beats gesorgt. Von Freitag bis Montag gab es beim \u00dcSC Bier, Apfelwein, Aperol und vieles mehr. Auch der Bier Pong Tisch hatte ein Revival. Freitag und Samstag legte DJ Felle auf und sorgte [&hellip;]\" \/>\n<meta property=\"og:url\" content=\"https:\/\/www.uesc-waldmichelbach.de\/uesc\/uesc-wald-michelbach-auf-der-kerwe-2024\/\" \/>\n<meta property=\"og:site_name\" content=\"\u00dcberw\u00e4lder Schulsportclub\" \/>\n<meta property=\"article:publisher\" content=\"https:\/\/www.facebook.com\/UESC.WaldMichelbach\" \/>\n<meta property=\"article:published_time\" content=\"2024-09-02T13:09:35+00:00\" \/>\n<meta property=\"article:modified_time\" content=\"2024-09-02T13:09:36+00:00\" \/>\n<meta property=\"og:image\" content=\"https:\/\/www.uesc-waldmichelbach.de\/uesc\/wp-content\/uploads\/2024\/09\/dce42c53-66a4-4614-88ad-0747d19cb919-300x300.jpg\" \/>\n<meta name=\"author\" content=\"Jenny Schmitt\" \/>\n<meta name=\"twitter:card\" content=\"summary_large_image\" \/>\n<meta name=\"twitter:label1\" content=\"Verfasst von\" \/>\n\t<meta name=\"twitter:data1\" content=\"Jenny Schmitt\" \/>\n\t<meta name=\"twitter:label2\" content=\"Gesch\u00e4tzte Lesezeit\" \/>\n\t<meta name=\"twitter:data2\" content=\"1\u00a0Minute\" \/>\n<script type=\"application\/ld+json\" class=\"yoast-schema-graph\">{\"@context\":\"https:\\\/\\\/schema.org\",\"@graph\":[{\"@type\":\"Article\",\"@id\":\"https:\\\/\\\/www.uesc-waldmichelbach.de\\\/uesc\\\/uesc-wald-michelbach-auf-der-kerwe-2024\\\/#article\",\"isPartOf\":{\"@id\":\"https:\\\/\\\/www.uesc-waldmichelbach.de\\\/uesc\\\/uesc-wald-michelbach-auf-der-kerwe-2024\\\/\"},\"author\":{\"name\":\"Jenny Schmitt\",\"@id\":\"https:\\\/\\\/www.uesc-waldmichelbach.de\\\/uesc\\\/#\\\/schema\\\/person\\\/bcc819d7d59ff001ea06d76dd3a4dc33\"},\"headline\":\"\u00dcSC Wald-Michelbach auf der Kerwe 2024\",\"datePublished\":\"2024-09-02T13:09:35+00:00\",\"dateModified\":\"2024-09-02T13:09:36+00:00\",\"mainEntityOfPage\":{\"@id\":\"https:\\\/\\\/www.uesc-waldmichelbach.de\\\/uesc\\\/uesc-wald-michelbach-auf-der-kerwe-2024\\\/\"},\"wordCount\":117,\"commentCount\":0,\"publisher\":{\"@id\":\"https:\\\/\\\/www.uesc-waldmichelbach.de\\\/uesc\\\/#organization\"},\"image\":{\"@id\":\"https:\\\/\\\/www.uesc-waldmichelbach.de\\\/uesc\\\/uesc-wald-michelbach-auf-der-kerwe-2024\\\/#primaryimage\"},\"thumbnailUrl\":\"https:\\\/\\\/www.uesc-waldmichelbach.de\\\/uesc\\\/wp-content\\\/uploads\\\/2024\\\/09\\\/dce42c53-66a4-4614-88ad-0747d19cb919-300x300.jpg\",\"inLanguage\":\"de\",\"potentialAction\":[{\"@type\":\"CommentAction\",\"name\":\"Comment\",\"target\":[\"https:\\\/\\\/www.uesc-waldmichelbach.de\\\/uesc\\\/uesc-wald-michelbach-auf-der-kerwe-2024\\\/#respond\"]}]},{\"@type\":\"WebPage\",\"@id\":\"https:\\\/\\\/www.uesc-waldmichelbach.de\\\/uesc\\\/uesc-wald-michelbach-auf-der-kerwe-2024\\\/\",\"url\":\"https:\\\/\\\/www.uesc-waldmichelbach.de\\\/uesc\\\/uesc-wald-michelbach-auf-der-kerwe-2024\\\/\",\"name\":\"\u00dcSC Wald-Michelbach auf der Kerwe 2024 - \u00dcberw\u00e4lder Schulsportclub\",\"isPartOf\":{\"@id\":\"https:\\\/\\\/www.uesc-waldmichelbach.de\\\/uesc\\\/#website\"},\"primaryImageOfPage\":{\"@id\":\"https:\\\/\\\/www.uesc-waldmichelbach.de\\\/uesc\\\/uesc-wald-michelbach-auf-der-kerwe-2024\\\/#primaryimage\"},\"image\":{\"@id\":\"https:\\\/\\\/www.uesc-waldmichelbach.de\\\/uesc\\\/uesc-wald-michelbach-auf-der-kerwe-2024\\\/#primaryimage\"},\"thumbnailUrl\":\"https:\\\/\\\/www.uesc-waldmichelbach.de\\\/uesc\\\/wp-content\\\/uploads\\\/2024\\\/09\\\/dce42c53-66a4-4614-88ad-0747d19cb919-300x300.jpg\",\"datePublished\":\"2024-09-02T13:09:35+00:00\",\"dateModified\":\"2024-09-02T13:09:36+00:00\",\"breadcrumb\":{\"@id\":\"https:\\\/\\\/www.uesc-waldmichelbach.de\\\/uesc\\\/uesc-wald-michelbach-auf-der-kerwe-2024\\\/#breadcrumb\"},\"inLanguage\":\"de\",\"potentialAction\":[{\"@type\":\"ReadAction\",\"target\":[\"https:\\\/\\\/www.uesc-waldmichelbach.de\\\/uesc\\\/uesc-wald-michelbach-auf-der-kerwe-2024\\\/\"]}]},{\"@type\":\"ImageObject\",\"inLanguage\":\"de\",\"@id\":\"https:\\\/\\\/www.uesc-waldmichelbach.de\\\/uesc\\\/uesc-wald-michelbach-auf-der-kerwe-2024\\\/#primaryimage\",\"url\":\"https:\\\/\\\/www.uesc-waldmichelbach.de\\\/uesc\\\/wp-content\\\/uploads\\\/2024\\\/09\\\/dce42c53-66a4-4614-88ad-0747d19cb919.jpg\",\"contentUrl\":\"https:\\\/\\\/www.uesc-waldmichelbach.de\\\/uesc\\\/wp-content\\\/uploads\\\/2024\\\/09\\\/dce42c53-66a4-4614-88ad-0747d19cb919.jpg\",\"width\":1440,\"height\":1440},{\"@type\":\"BreadcrumbList\",\"@id\":\"https:\\\/\\\/www.uesc-waldmichelbach.de\\\/uesc\\\/uesc-wald-michelbach-auf-der-kerwe-2024\\\/#breadcrumb\",\"itemListElement\":[{\"@type\":\"ListItem\",\"position\":1,\"name\":\"Startseite\",\"item\":\"https:\\\/\\\/www.uesc-waldmichelbach.de\\\/uesc\\\/\"},{\"@type\":\"ListItem\",\"position\":2,\"name\":\"\u00dcSC Wald-Michelbach auf der Kerwe 2024\"}]},{\"@type\":\"WebSite\",\"@id\":\"https:\\\/\\\/www.uesc-waldmichelbach.de\\\/uesc\\\/#website\",\"url\":\"https:\\\/\\\/www.uesc-waldmichelbach.de\\\/uesc\\\/\",\"name\":\"\u00dcberw\u00e4lder Schulsportclub\",\"description\":\"\u00dcberw\u00e4lder Sportverein\",\"publisher\":{\"@id\":\"https:\\\/\\\/www.uesc-waldmichelbach.de\\\/uesc\\\/#organization\"},\"potentialAction\":[{\"@type\":\"SearchAction\",\"target\":{\"@type\":\"EntryPoint\",\"urlTemplate\":\"https:\\\/\\\/www.uesc-waldmichelbach.de\\\/uesc\\\/?s={search_term_string}\"},\"query-input\":{\"@type\":\"PropertyValueSpecification\",\"valueRequired\":true,\"valueName\":\"search_term_string\"}}],\"inLanguage\":\"de\"},{\"@type\":\"Organization\",\"@id\":\"https:\\\/\\\/www.uesc-waldmichelbach.de\\\/uesc\\\/#organization\",\"name\":\"\u00dcberw\u00e4lder Schulsportclub\",\"url\":\"https:\\\/\\\/www.uesc-waldmichelbach.de\\\/uesc\\\/\",\"logo\":{\"@type\":\"ImageObject\",\"inLanguage\":\"de\",\"@id\":\"https:\\\/\\\/www.uesc-waldmichelbach.de\\\/uesc\\\/#\\\/schema\\\/logo\\\/image\\\/\",\"url\":\"https:\\\/\\\/www.uesc-waldmichelbach.de\\\/uesc\\\/wp-content\\\/uploads\\\/2022\\\/10\\\/cropped-UeSC-Logo-Varianten.png\",\"contentUrl\":\"https:\\\/\\\/www.uesc-waldmichelbach.de\\\/uesc\\\/wp-content\\\/uploads\\\/2022\\\/10\\\/cropped-UeSC-Logo-Varianten.png\",\"width\":240,\"height\":258,\"caption\":\"\u00dcberw\u00e4lder Schulsportclub\"},\"image\":{\"@id\":\"https:\\\/\\\/www.uesc-waldmichelbach.de\\\/uesc\\\/#\\\/schema\\\/logo\\\/image\\\/\"},\"sameAs\":[\"https:\\\/\\\/www.facebook.com\\\/UESC.WaldMichelbach\",\"https:\\\/\\\/www.instagram.com\\\/uesc.wamiba\\\/\"]},{\"@type\":\"Person\",\"@id\":\"https:\\\/\\\/www.uesc-waldmichelbach.de\\\/uesc\\\/#\\\/schema\\\/person\\\/bcc819d7d59ff001ea06d76dd3a4dc33\",\"name\":\"Jenny Schmitt\",\"image\":{\"@type\":\"ImageObject\",\"inLanguage\":\"de\",\"@id\":\"https:\\\/\\\/secure.gravatar.com\\\/avatar\\\/fca45e91f95d2eb2e48f56c4ff588c847905f39815c8557467bc61eb32060936?s=96&d=mm&r=g\",\"url\":\"https:\\\/\\\/secure.gravatar.com\\\/avatar\\\/fca45e91f95d2eb2e48f56c4ff588c847905f39815c8557467bc61eb32060936?s=96&d=mm&r=g\",\"contentUrl\":\"https:\\\/\\\/secure.gravatar.com\\\/avatar\\\/fca45e91f95d2eb2e48f56c4ff588c847905f39815c8557467bc61eb32060936?s=96&d=mm&r=g\",\"caption\":\"Jenny Schmitt\"},\"url\":\"https:\\\/\\\/www.uesc-waldmichelbach.de\\\/uesc\\\/author\\\/jenny\\\/\"}]}<\/script>\n<!-- \/ Yoast SEO plugin. -->","yoast_head_json":{"title":"\u00dcSC Wald-Michelbach auf der Kerwe 2024 - \u00dcberw\u00e4lder Schulsportclub","robots":{"index":"index","follow":"follow","max-snippet":"max-snippet:-1","max-image-preview":"max-image-preview:large","max-video-preview":"max-video-preview:-1"},"canonical":"https:\/\/www.uesc-waldmichelbach.de\/uesc\/uesc-wald-michelbach-auf-der-kerwe-2024\/","og_locale":"de_DE","og_type":"article","og_title":"\u00dcSC Wald-Michelbach auf der Kerwe 2024 - \u00dcberw\u00e4lder Schulsportclub","og_description":"Nach dem erfolgreichen Wiederaufleben eines Kerwestandes im letzten Jahr hat die 1. Damenmannschaft in diesem Jahr erneut f\u00fcr k\u00fchle Getr\u00e4nke und hei\u00dfe Beats gesorgt. Von Freitag bis Montag gab es beim \u00dcSC Bier, Apfelwein, Aperol und vieles mehr. Auch der Bier Pong Tisch hatte ein Revival. Freitag und Samstag legte DJ Felle auf und sorgte [&hellip;]","og_url":"https:\/\/www.uesc-waldmichelbach.de\/uesc\/uesc-wald-michelbach-auf-der-kerwe-2024\/","og_site_name":"\u00dcberw\u00e4lder Schulsportclub","article_publisher":"https:\/\/www.facebook.com\/UESC.WaldMichelbach","article_published_time":"2024-09-02T13:09:35+00:00","article_modified_time":"2024-09-02T13:09:36+00:00","og_image":[{"url":"https:\/\/www.uesc-waldmichelbach.de\/uesc\/wp-content\/uploads\/2024\/09\/dce42c53-66a4-4614-88ad-0747d19cb919-300x300.jpg","type":"","width":"","height":""}],"author":"Jenny Schmitt","twitter_card":"summary_large_image","twitter_misc":{"Verfasst von":"Jenny Schmitt","Gesch\u00e4tzte Lesezeit":"1\u00a0Minute"},"schema":{"@context":"https:\/\/schema.org","@graph":[{"@type":"Article","@id":"https:\/\/www.uesc-waldmichelbach.de\/uesc\/uesc-wald-michelbach-auf-der-kerwe-2024\/#article","isPartOf":{"@id":"https:\/\/www.uesc-waldmichelbach.de\/uesc\/uesc-wald-michelbach-auf-der-kerwe-2024\/"},"author":{"name":"Jenny Schmitt","@id":"https:\/\/www.uesc-waldmichelbach.de\/uesc\/#\/schema\/person\/bcc819d7d59ff001ea06d76dd3a4dc33"},"headline":"\u00dcSC Wald-Michelbach auf der Kerwe 2024","datePublished":"2024-09-02T13:09:35+00:00","dateModified":"2024-09-02T13:09:36+00:00","mainEntityOfPage":{"@id":"https:\/\/www.uesc-waldmichelbach.de\/uesc\/uesc-wald-michelbach-auf-der-kerwe-2024\/"},"wordCount":117,"commentCount":0,"publisher":{"@id":"https:\/\/www.uesc-waldmichelbach.de\/uesc\/#organization"},"image":{"@id":"https:\/\/www.uesc-waldmichelbach.de\/uesc\/uesc-wald-michelbach-auf-der-kerwe-2024\/#primaryimage"},"thumbnailUrl":"https:\/\/www.uesc-waldmichelbach.de\/uesc\/wp-content\/uploads\/2024\/09\/dce42c53-66a4-4614-88ad-0747d19cb919-300x300.jpg","inLanguage":"de","potentialAction":[{"@type":"CommentAction","name":"Comment","target":["https:\/\/www.uesc-waldmichelbach.de\/uesc\/uesc-wald-michelbach-auf-der-kerwe-2024\/#respond"]}]},{"@type":"WebPage","@id":"https:\/\/www.uesc-waldmichelbach.de\/uesc\/uesc-wald-michelbach-auf-der-kerwe-2024\/","url":"https:\/\/www.uesc-waldmichelbach.de\/uesc\/uesc-wald-michelbach-auf-der-kerwe-2024\/","name":"\u00dcSC Wald-Michelbach auf der Kerwe 2024 - \u00dcberw\u00e4lder Schulsportclub","isPartOf":{"@id":"https:\/\/www.uesc-waldmichelbach.de\/uesc\/#website"},"primaryImageOfPage":{"@id":"https:\/\/www.uesc-waldmichelbach.de\/uesc\/uesc-wald-michelbach-auf-der-kerwe-2024\/#primaryimage"},"image":{"@id":"https:\/\/www.uesc-waldmichelbach.de\/uesc\/uesc-wald-michelbach-auf-der-kerwe-2024\/#primaryimage"},"thumbnailUrl":"https:\/\/www.uesc-waldmichelbach.de\/uesc\/wp-content\/uploads\/2024\/09\/dce42c53-66a4-4614-88ad-0747d19cb919-300x300.jpg","datePublished":"2024-09-02T13:09:35+00:00","dateModified":"2024-09-02T13:09:36+00:00","breadcrumb":{"@id":"https:\/\/www.uesc-waldmichelbach.de\/uesc\/uesc-wald-michelbach-auf-der-kerwe-2024\/#breadcrumb"},"inLanguage":"de","potentialAction":[{"@type":"ReadAction","target":["https:\/\/www.uesc-waldmichelbach.de\/uesc\/uesc-wald-michelbach-auf-der-kerwe-2024\/"]}]},{"@type":"ImageObject","inLanguage":"de","@id":"https:\/\/www.uesc-waldmichelbach.de\/uesc\/uesc-wald-michelbach-auf-der-kerwe-2024\/#primaryimage","url":"https:\/\/www.uesc-waldmichelbach.de\/uesc\/wp-content\/uploads\/2024\/09\/dce42c53-66a4-4614-88ad-0747d19cb919.jpg","contentUrl":"https:\/\/www.uesc-waldmichelbach.de\/uesc\/wp-content\/uploads\/2024\/09\/dce42c53-66a4-4614-88ad-0747d19cb919.jpg","width":1440,"height":1440},{"@type":"BreadcrumbList","@id":"https:\/\/www.uesc-waldmichelbach.de\/uesc\/uesc-wald-michelbach-auf-der-kerwe-2024\/#breadcrumb","itemListElement":[{"@type":"ListItem","position":1,"name":"Startseite","item":"https:\/\/www.uesc-waldmichelbach.de\/uesc\/"},{"@type":"ListItem","position":2,"name":"\u00dcSC Wald-Michelbach auf der Kerwe 2024"}]},{"@type":"WebSite","@id":"https:\/\/www.uesc-waldmichelbach.de\/uesc\/#website","url":"https:\/\/www.uesc-waldmichelbach.de\/uesc\/","name":"\u00dcberw\u00e4lder Schulsportclub","description":"\u00dcberw\u00e4lder Sportverein","publisher":{"@id":"https:\/\/www.uesc-waldmichelbach.de\/uesc\/#organization"},"potentialAction":[{"@type":"SearchAction","target":{"@type":"EntryPoint","urlTemplate":"https:\/\/www.uesc-waldmichelbach.de\/uesc\/?s={search_term_string}"},"query-input":{"@type":"PropertyValueSpecification","valueRequired":true,"valueName":"search_term_string"}}],"inLanguage":"de"},{"@type":"Organization","@id":"https:\/\/www.uesc-waldmichelbach.de\/uesc\/#organization","name":"\u00dcberw\u00e4lder Schulsportclub","url":"https:\/\/www.uesc-waldmichelbach.de\/uesc\/","logo":{"@type":"ImageObject","inLanguage":"de","@id":"https:\/\/www.uesc-waldmichelbach.de\/uesc\/#\/schema\/logo\/image\/","url":"https:\/\/www.uesc-waldmichelbach.de\/uesc\/wp-content\/uploads\/2022\/10\/cropped-UeSC-Logo-Varianten.png","contentUrl":"https:\/\/www.uesc-waldmichelbach.de\/uesc\/wp-content\/uploads\/2022\/10\/cropped-UeSC-Logo-Varianten.png","width":240,"height":258,"caption":"\u00dcberw\u00e4lder Schulsportclub"},"image":{"@id":"https:\/\/www.uesc-waldmichelbach.de\/uesc\/#\/schema\/logo\/image\/"},"sameAs":["https:\/\/www.facebook.com\/UESC.WaldMichelbach","https:\/\/www.instagram.com\/uesc.wamiba\/"]},{"@type":"Person","@id":"https:\/\/www.uesc-waldmichelbach.de\/uesc\/#\/schema\/person\/bcc819d7d59ff001ea06d76dd3a4dc33","name":"Jenny Schmitt","image":{"@type":"ImageObject","inLanguage":"de","@id":"https:\/\/secure.gravatar.com\/avatar\/fca45e91f95d2eb2e48f56c4ff588c847905f39815c8557467bc61eb32060936?s=96&d=mm&r=g","url":"https:\/\/secure.gravatar.com\/avatar\/fca45e91f95d2eb2e48f56c4ff588c847905f39815c8557467bc61eb32060936?s=96&d=mm&r=g","contentUrl":"https:\/\/secure.gravatar.com\/avatar\/fca45e91f95d2eb2e48f56c4ff588c847905f39815c8557467bc61eb32060936?s=96&d=mm&r=g","caption":"Jenny Schmitt"},"url":"https:\/\/www.uesc-waldmichelbach.de\/uesc\/author\/jenny\/"}]}},"_links":{"self":[{"href":"https:\/\/www.uesc-waldmichelbach.de\/uesc\/wp-json\/wp\/v2\/posts\/2324","targetHints":{"allow":["GET"]}}],"collection":[{"href":"https:\/\/www.uesc-waldmichelbach.de\/uesc\/wp-json\/wp\/v2\/posts"}],"about":[{"href":"https:\/\/www.uesc-waldmichelbach.de\/uesc\/wp-json\/wp\/v2\/types\/post"}],"author":[{"embeddable":true,"href":"https:\/\/www.uesc-waldmichelbach.de\/uesc\/wp-json\/wp\/v2\/users\/14"}],"replies":[{"embeddable":true,"href":"https:\/\/www.uesc-waldmichelbach.de\/uesc\/wp-json\/wp\/v2\/comments?post=2324"}],"version-history":[{"count":2,"href":"https:\/\/www.uesc-waldmichelbach.de\/uesc\/wp-json\/wp\/v2\/posts\/2324\/revisions"}],"predecessor-version":[{"id":2327,"href":"https:\/\/www.uesc-waldmichelbach.de\/uesc\/wp-json\/wp\/v2\/posts\/2324\/revisions\/2327"}],"wp:attachment":[{"href":"https:\/\/www.uesc-waldmichelbach.de\/uesc\/wp-json\/wp\/v2\/media?parent=2324"}],"wp:term":[{"taxonomy":"category","embeddable":true,"href":"https:\/\/www.uesc-waldmichelbach.de\/uesc\/wp-json\/wp\/v2\/categories?post=2324"},{"taxonomy":"post_tag","embeddable":true,"href":"https:\/\/www.uesc-waldmichelbach.de\/uesc\/wp-json\/wp\/v2\/tags?post=2324"}],"curies":[{"name":"wp","href":"https:\/\/api.w.org\/{rel}","templated":true}]}}