{"id":2279,"date":"2024-03-04T13:51:35","date_gmt":"2024-03-04T11:51:35","guid":{"rendered":"https:\/\/www.uesc-waldmichelbach.de\/uesc\/?p=2279"},"modified":"2024-03-04T13:51:35","modified_gmt":"2024-03-04T11:51:35","slug":"24-02-24-uesc-damen-wieder-auf-platz-3","status":"publish","type":"post","link":"https:\/\/www.uesc-waldmichelbach.de\/uesc\/24-02-24-uesc-damen-wieder-auf-platz-3\/","title":{"rendered":"24.02.24 &#8211; \u00dcSC Damen wieder auf Platz 3"},"content":{"rendered":"<h5>\u00dcSC Wald-Michelbach gewinnt am letzten Heimspieltag beide Spiele und sichert sich wichtige Punkte im Kampf um Platz 3<\/h5>\n<p>Im ersten Spiel des Tages ging es gegen die VSG Ried-Volleys, gegen den Aufsteiger war ein Sieg Pflicht. Die Mannschaft startete in ihrer gewohnten Startaufstellung in das Spiel und ging dank einer Aufschlagserie von Emely Weigel fr\u00fch in F\u00fchrung. Mit einer guten Annahme und variablen Angriffen war der \u00dcSC deutlich \u00fcberlegen und entschied den Satz mit 25:10 f\u00fcr sich.<\/p>\n<p>Im zweiten und dritten Satz nahm Trainer Klieber einige Wechsel vor und setzte alle Spielerinnen seines Kaders ein. Die \u00dcSC-Damen waren dem Gegner in allen Belangen \u00fcberlegen und gewannen beide S\u00e4tze deutlich (25:16; 25:18) und das Spiel damit mit 3:0.<\/p>\n<p>Im zweiten Spiel gegen die Damen des SKV M\u00f6rfelden wurde ein enges Spiel erwartet. Das Team startete konzentriert in den ersten Satz und sicherte sich mit guten Aufschl\u00e4gen die ersten Punkte. Mit gutem Spielaufbau gelangen sehenswerte Angriffe \u00fcber alle Positionen. Die F\u00fchrung lie\u00df sich der \u00dcSC nicht mehr nehmen und gewann den Satz mit 25:18.<\/p>\n<p>Im zweiten Satz kam der Gegner besser in das Spiel und erh\u00f6hte den Druck im Aufschlag und Angriff. Der Satz war lange ausgeglichen und jeder Punkt hart umk\u00e4mpft. Am Ende behielt das junge Team jedoch die Nerven und konnte den Satz knapp mit 25:22 f\u00fcr sich entscheiden.<\/p>\n<p>Auch der dritte Satz war ausgeglichen und von langen Ballwechseln gepr\u00e4gt. Dann folgten einige Fehler in der Annahme und es fehlte die Durchschlagskraft im Angriff, sodass der SKV in F\u00fchrung ging. Obwohl es der \u00dcSC am Satzende nochmal spannend machte, wurde der Satz knapp mit 23:25 verloren.<\/p>\n<p>Im entscheidenden vierten Satz waren es vor allem die Au\u00dfenangreiferinnen Sarah R\u00fcger und Emely Weigel, die mit ihren variablen Angriffen viele Punkte erzielten. Zudem wurden viele Angriffe des Gegners dank guter Blockarbeit vereitelt. In der Schlussphase entschied der \u00dcSC die entscheidenden Ballwechsel f\u00fcr sich und gewann den Satz mit 25:23. Damit geht das Spiel mit 3:1 an die Volleyballerinnen des \u00dcSC.<\/p>\n<p>Das letzte Saisonspiel bestreitet der \u00dcSC am 17.03.24 gegen den VC Ober-Roden.<\/p>\n<p>\u00dcSC: Kr\u00e4mer, Oswald, R\u00fcdt, R\u00fcger, Pfaff, Schmidt, Schmitt, Scholl, Schuhman, Wagner, Weigel<\/p>\n","protected":false},"excerpt":{"rendered":"<p>\u00dcSC Wald-Michelbach gewinnt am letzten Heimspieltag beide Spiele und sichert sich wichtige Punkte im Kampf um Platz 3 Im ersten Spiel des Tages ging es gegen die VSG Ried-Volleys, gegen den Aufsteiger war ein Sieg Pflicht. Die Mannschaft startete in ihrer gewohnten Startaufstellung in das Spiel und ging dank einer Aufschlagserie von Emely Weigel fr\u00fch [&hellip;]<\/p>\n","protected":false},"author":14,"featured_media":0,"comment_status":"open","ping_status":"open","sticky":false,"template":"","format":"standard","meta":{"footnotes":""},"categories":[1],"tags":[],"class_list":["post-2279","post","type-post","status-publish","format-standard","hentry","category-allgemein"],"yoast_head":"<!-- This site is optimized with the Yoast SEO plugin v27.4 - https:\/\/yoast.com\/product\/yoast-seo-wordpress\/ -->\n<title>24.02.24 - \u00dcSC Damen wieder auf Platz 3 - \u00dcberw\u00e4lder Schulsportclub<\/title>\n<meta name=\"robots\" content=\"index, follow, max-snippet:-1, max-image-preview:large, max-video-preview:-1\" \/>\n<link rel=\"canonical\" href=\"https:\/\/www.uesc-waldmichelbach.de\/uesc\/24-02-24-uesc-damen-wieder-auf-platz-3\/\" \/>\n<meta property=\"og:locale\" content=\"de_DE\" \/>\n<meta property=\"og:type\" content=\"article\" \/>\n<meta property=\"og:title\" content=\"24.02.24 - \u00dcSC Damen wieder auf Platz 3 - \u00dcberw\u00e4lder Schulsportclub\" \/>\n<meta property=\"og:description\" content=\"\u00dcSC Wald-Michelbach gewinnt am letzten Heimspieltag beide Spiele und sichert sich wichtige Punkte im Kampf um Platz 3 Im ersten Spiel des Tages ging es gegen die VSG Ried-Volleys, gegen den Aufsteiger war ein Sieg Pflicht. Die Mannschaft startete in ihrer gewohnten Startaufstellung in das Spiel und ging dank einer Aufschlagserie von Emely Weigel fr\u00fch [&hellip;]\" \/>\n<meta property=\"og:url\" content=\"https:\/\/www.uesc-waldmichelbach.de\/uesc\/24-02-24-uesc-damen-wieder-auf-platz-3\/\" \/>\n<meta property=\"og:site_name\" content=\"\u00dcberw\u00e4lder Schulsportclub\" \/>\n<meta property=\"article:publisher\" content=\"https:\/\/www.facebook.com\/UESC.WaldMichelbach\" \/>\n<meta property=\"article:published_time\" content=\"2024-03-04T11:51:35+00:00\" \/>\n<meta name=\"author\" content=\"Jenny Schmitt\" \/>\n<meta name=\"twitter:card\" content=\"summary_large_image\" \/>\n<meta name=\"twitter:label1\" content=\"Verfasst von\" \/>\n\t<meta name=\"twitter:data1\" content=\"Jenny Schmitt\" \/>\n\t<meta name=\"twitter:label2\" content=\"Gesch\u00e4tzte Lesezeit\" \/>\n\t<meta name=\"twitter:data2\" content=\"2\u00a0Minuten\" \/>\n<script type=\"application\/ld+json\" class=\"yoast-schema-graph\">{\"@context\":\"https:\\\/\\\/schema.org\",\"@graph\":[{\"@type\":\"Article\",\"@id\":\"https:\\\/\\\/www.uesc-waldmichelbach.de\\\/uesc\\\/24-02-24-uesc-damen-wieder-auf-platz-3\\\/#article\",\"isPartOf\":{\"@id\":\"https:\\\/\\\/www.uesc-waldmichelbach.de\\\/uesc\\\/24-02-24-uesc-damen-wieder-auf-platz-3\\\/\"},\"author\":{\"name\":\"Jenny Schmitt\",\"@id\":\"https:\\\/\\\/www.uesc-waldmichelbach.de\\\/uesc\\\/#\\\/schema\\\/person\\\/bcc819d7d59ff001ea06d76dd3a4dc33\"},\"headline\":\"24.02.24 &#8211; \u00dcSC Damen wieder auf Platz 3\",\"datePublished\":\"2024-03-04T11:51:35+00:00\",\"mainEntityOfPage\":{\"@id\":\"https:\\\/\\\/www.uesc-waldmichelbach.de\\\/uesc\\\/24-02-24-uesc-damen-wieder-auf-platz-3\\\/\"},\"wordCount\":364,\"commentCount\":0,\"publisher\":{\"@id\":\"https:\\\/\\\/www.uesc-waldmichelbach.de\\\/uesc\\\/#organization\"},\"inLanguage\":\"de\",\"potentialAction\":[{\"@type\":\"CommentAction\",\"name\":\"Comment\",\"target\":[\"https:\\\/\\\/www.uesc-waldmichelbach.de\\\/uesc\\\/24-02-24-uesc-damen-wieder-auf-platz-3\\\/#respond\"]}]},{\"@type\":\"WebPage\",\"@id\":\"https:\\\/\\\/www.uesc-waldmichelbach.de\\\/uesc\\\/24-02-24-uesc-damen-wieder-auf-platz-3\\\/\",\"url\":\"https:\\\/\\\/www.uesc-waldmichelbach.de\\\/uesc\\\/24-02-24-uesc-damen-wieder-auf-platz-3\\\/\",\"name\":\"24.02.24 - \u00dcSC Damen wieder auf Platz 3 - \u00dcberw\u00e4lder Schulsportclub\",\"isPartOf\":{\"@id\":\"https:\\\/\\\/www.uesc-waldmichelbach.de\\\/uesc\\\/#website\"},\"datePublished\":\"2024-03-04T11:51:35+00:00\",\"breadcrumb\":{\"@id\":\"https:\\\/\\\/www.uesc-waldmichelbach.de\\\/uesc\\\/24-02-24-uesc-damen-wieder-auf-platz-3\\\/#breadcrumb\"},\"inLanguage\":\"de\",\"potentialAction\":[{\"@type\":\"ReadAction\",\"target\":[\"https:\\\/\\\/www.uesc-waldmichelbach.de\\\/uesc\\\/24-02-24-uesc-damen-wieder-auf-platz-3\\\/\"]}]},{\"@type\":\"BreadcrumbList\",\"@id\":\"https:\\\/\\\/www.uesc-waldmichelbach.de\\\/uesc\\\/24-02-24-uesc-damen-wieder-auf-platz-3\\\/#breadcrumb\",\"itemListElement\":[{\"@type\":\"ListItem\",\"position\":1,\"name\":\"Startseite\",\"item\":\"https:\\\/\\\/www.uesc-waldmichelbach.de\\\/uesc\\\/\"},{\"@type\":\"ListItem\",\"position\":2,\"name\":\"24.02.24 &#8211; \u00dcSC Damen wieder auf Platz 3\"}]},{\"@type\":\"WebSite\",\"@id\":\"https:\\\/\\\/www.uesc-waldmichelbach.de\\\/uesc\\\/#website\",\"url\":\"https:\\\/\\\/www.uesc-waldmichelbach.de\\\/uesc\\\/\",\"name\":\"\u00dcberw\u00e4lder Schulsportclub\",\"description\":\"\u00dcberw\u00e4lder Sportverein\",\"publisher\":{\"@id\":\"https:\\\/\\\/www.uesc-waldmichelbach.de\\\/uesc\\\/#organization\"},\"potentialAction\":[{\"@type\":\"SearchAction\",\"target\":{\"@type\":\"EntryPoint\",\"urlTemplate\":\"https:\\\/\\\/www.uesc-waldmichelbach.de\\\/uesc\\\/?s={search_term_string}\"},\"query-input\":{\"@type\":\"PropertyValueSpecification\",\"valueRequired\":true,\"valueName\":\"search_term_string\"}}],\"inLanguage\":\"de\"},{\"@type\":\"Organization\",\"@id\":\"https:\\\/\\\/www.uesc-waldmichelbach.de\\\/uesc\\\/#organization\",\"name\":\"\u00dcberw\u00e4lder Schulsportclub\",\"url\":\"https:\\\/\\\/www.uesc-waldmichelbach.de\\\/uesc\\\/\",\"logo\":{\"@type\":\"ImageObject\",\"inLanguage\":\"de\",\"@id\":\"https:\\\/\\\/www.uesc-waldmichelbach.de\\\/uesc\\\/#\\\/schema\\\/logo\\\/image\\\/\",\"url\":\"https:\\\/\\\/www.uesc-waldmichelbach.de\\\/uesc\\\/wp-content\\\/uploads\\\/2022\\\/10\\\/cropped-UeSC-Logo-Varianten.png\",\"contentUrl\":\"https:\\\/\\\/www.uesc-waldmichelbach.de\\\/uesc\\\/wp-content\\\/uploads\\\/2022\\\/10\\\/cropped-UeSC-Logo-Varianten.png\",\"width\":240,\"height\":258,\"caption\":\"\u00dcberw\u00e4lder Schulsportclub\"},\"image\":{\"@id\":\"https:\\\/\\\/www.uesc-waldmichelbach.de\\\/uesc\\\/#\\\/schema\\\/logo\\\/image\\\/\"},\"sameAs\":[\"https:\\\/\\\/www.facebook.com\\\/UESC.WaldMichelbach\",\"https:\\\/\\\/www.instagram.com\\\/uesc.wamiba\\\/\"]},{\"@type\":\"Person\",\"@id\":\"https:\\\/\\\/www.uesc-waldmichelbach.de\\\/uesc\\\/#\\\/schema\\\/person\\\/bcc819d7d59ff001ea06d76dd3a4dc33\",\"name\":\"Jenny Schmitt\",\"image\":{\"@type\":\"ImageObject\",\"inLanguage\":\"de\",\"@id\":\"https:\\\/\\\/secure.gravatar.com\\\/avatar\\\/fca45e91f95d2eb2e48f56c4ff588c847905f39815c8557467bc61eb32060936?s=96&d=mm&r=g\",\"url\":\"https:\\\/\\\/secure.gravatar.com\\\/avatar\\\/fca45e91f95d2eb2e48f56c4ff588c847905f39815c8557467bc61eb32060936?s=96&d=mm&r=g\",\"contentUrl\":\"https:\\\/\\\/secure.gravatar.com\\\/avatar\\\/fca45e91f95d2eb2e48f56c4ff588c847905f39815c8557467bc61eb32060936?s=96&d=mm&r=g\",\"caption\":\"Jenny Schmitt\"},\"url\":\"https:\\\/\\\/www.uesc-waldmichelbach.de\\\/uesc\\\/author\\\/jenny\\\/\"}]}<\/script>\n<!-- \/ Yoast SEO plugin. -->","yoast_head_json":{"title":"24.02.24 - \u00dcSC Damen wieder auf Platz 3 - \u00dcberw\u00e4lder Schulsportclub","robots":{"index":"index","follow":"follow","max-snippet":"max-snippet:-1","max-image-preview":"max-image-preview:large","max-video-preview":"max-video-preview:-1"},"canonical":"https:\/\/www.uesc-waldmichelbach.de\/uesc\/24-02-24-uesc-damen-wieder-auf-platz-3\/","og_locale":"de_DE","og_type":"article","og_title":"24.02.24 - \u00dcSC Damen wieder auf Platz 3 - \u00dcberw\u00e4lder Schulsportclub","og_description":"\u00dcSC Wald-Michelbach gewinnt am letzten Heimspieltag beide Spiele und sichert sich wichtige Punkte im Kampf um Platz 3 Im ersten Spiel des Tages ging es gegen die VSG Ried-Volleys, gegen den Aufsteiger war ein Sieg Pflicht. Die Mannschaft startete in ihrer gewohnten Startaufstellung in das Spiel und ging dank einer Aufschlagserie von Emely Weigel fr\u00fch [&hellip;]","og_url":"https:\/\/www.uesc-waldmichelbach.de\/uesc\/24-02-24-uesc-damen-wieder-auf-platz-3\/","og_site_name":"\u00dcberw\u00e4lder Schulsportclub","article_publisher":"https:\/\/www.facebook.com\/UESC.WaldMichelbach","article_published_time":"2024-03-04T11:51:35+00:00","author":"Jenny Schmitt","twitter_card":"summary_large_image","twitter_misc":{"Verfasst von":"Jenny Schmitt","Gesch\u00e4tzte Lesezeit":"2\u00a0Minuten"},"schema":{"@context":"https:\/\/schema.org","@graph":[{"@type":"Article","@id":"https:\/\/www.uesc-waldmichelbach.de\/uesc\/24-02-24-uesc-damen-wieder-auf-platz-3\/#article","isPartOf":{"@id":"https:\/\/www.uesc-waldmichelbach.de\/uesc\/24-02-24-uesc-damen-wieder-auf-platz-3\/"},"author":{"name":"Jenny Schmitt","@id":"https:\/\/www.uesc-waldmichelbach.de\/uesc\/#\/schema\/person\/bcc819d7d59ff001ea06d76dd3a4dc33"},"headline":"24.02.24 &#8211; \u00dcSC Damen wieder auf Platz 3","datePublished":"2024-03-04T11:51:35+00:00","mainEntityOfPage":{"@id":"https:\/\/www.uesc-waldmichelbach.de\/uesc\/24-02-24-uesc-damen-wieder-auf-platz-3\/"},"wordCount":364,"commentCount":0,"publisher":{"@id":"https:\/\/www.uesc-waldmichelbach.de\/uesc\/#organization"},"inLanguage":"de","potentialAction":[{"@type":"CommentAction","name":"Comment","target":["https:\/\/www.uesc-waldmichelbach.de\/uesc\/24-02-24-uesc-damen-wieder-auf-platz-3\/#respond"]}]},{"@type":"WebPage","@id":"https:\/\/www.uesc-waldmichelbach.de\/uesc\/24-02-24-uesc-damen-wieder-auf-platz-3\/","url":"https:\/\/www.uesc-waldmichelbach.de\/uesc\/24-02-24-uesc-damen-wieder-auf-platz-3\/","name":"24.02.24 - \u00dcSC Damen wieder auf Platz 3 - \u00dcberw\u00e4lder Schulsportclub","isPartOf":{"@id":"https:\/\/www.uesc-waldmichelbach.de\/uesc\/#website"},"datePublished":"2024-03-04T11:51:35+00:00","breadcrumb":{"@id":"https:\/\/www.uesc-waldmichelbach.de\/uesc\/24-02-24-uesc-damen-wieder-auf-platz-3\/#breadcrumb"},"inLanguage":"de","potentialAction":[{"@type":"ReadAction","target":["https:\/\/www.uesc-waldmichelbach.de\/uesc\/24-02-24-uesc-damen-wieder-auf-platz-3\/"]}]},{"@type":"BreadcrumbList","@id":"https:\/\/www.uesc-waldmichelbach.de\/uesc\/24-02-24-uesc-damen-wieder-auf-platz-3\/#breadcrumb","itemListElement":[{"@type":"ListItem","position":1,"name":"Startseite","item":"https:\/\/www.uesc-waldmichelbach.de\/uesc\/"},{"@type":"ListItem","position":2,"name":"24.02.24 &#8211; \u00dcSC Damen wieder auf Platz 3"}]},{"@type":"WebSite","@id":"https:\/\/www.uesc-waldmichelbach.de\/uesc\/#website","url":"https:\/\/www.uesc-waldmichelbach.de\/uesc\/","name":"\u00dcberw\u00e4lder Schulsportclub","description":"\u00dcberw\u00e4lder Sportverein","publisher":{"@id":"https:\/\/www.uesc-waldmichelbach.de\/uesc\/#organization"},"potentialAction":[{"@type":"SearchAction","target":{"@type":"EntryPoint","urlTemplate":"https:\/\/www.uesc-waldmichelbach.de\/uesc\/?s={search_term_string}"},"query-input":{"@type":"PropertyValueSpecification","valueRequired":true,"valueName":"search_term_string"}}],"inLanguage":"de"},{"@type":"Organization","@id":"https:\/\/www.uesc-waldmichelbach.de\/uesc\/#organization","name":"\u00dcberw\u00e4lder Schulsportclub","url":"https:\/\/www.uesc-waldmichelbach.de\/uesc\/","logo":{"@type":"ImageObject","inLanguage":"de","@id":"https:\/\/www.uesc-waldmichelbach.de\/uesc\/#\/schema\/logo\/image\/","url":"https:\/\/www.uesc-waldmichelbach.de\/uesc\/wp-content\/uploads\/2022\/10\/cropped-UeSC-Logo-Varianten.png","contentUrl":"https:\/\/www.uesc-waldmichelbach.de\/uesc\/wp-content\/uploads\/2022\/10\/cropped-UeSC-Logo-Varianten.png","width":240,"height":258,"caption":"\u00dcberw\u00e4lder Schulsportclub"},"image":{"@id":"https:\/\/www.uesc-waldmichelbach.de\/uesc\/#\/schema\/logo\/image\/"},"sameAs":["https:\/\/www.facebook.com\/UESC.WaldMichelbach","https:\/\/www.instagram.com\/uesc.wamiba\/"]},{"@type":"Person","@id":"https:\/\/www.uesc-waldmichelbach.de\/uesc\/#\/schema\/person\/bcc819d7d59ff001ea06d76dd3a4dc33","name":"Jenny Schmitt","image":{"@type":"ImageObject","inLanguage":"de","@id":"https:\/\/secure.gravatar.com\/avatar\/fca45e91f95d2eb2e48f56c4ff588c847905f39815c8557467bc61eb32060936?s=96&d=mm&r=g","url":"https:\/\/secure.gravatar.com\/avatar\/fca45e91f95d2eb2e48f56c4ff588c847905f39815c8557467bc61eb32060936?s=96&d=mm&r=g","contentUrl":"https:\/\/secure.gravatar.com\/avatar\/fca45e91f95d2eb2e48f56c4ff588c847905f39815c8557467bc61eb32060936?s=96&d=mm&r=g","caption":"Jenny Schmitt"},"url":"https:\/\/www.uesc-waldmichelbach.de\/uesc\/author\/jenny\/"}]}},"_links":{"self":[{"href":"https:\/\/www.uesc-waldmichelbach.de\/uesc\/wp-json\/wp\/v2\/posts\/2279","targetHints":{"allow":["GET"]}}],"collection":[{"href":"https:\/\/www.uesc-waldmichelbach.de\/uesc\/wp-json\/wp\/v2\/posts"}],"about":[{"href":"https:\/\/www.uesc-waldmichelbach.de\/uesc\/wp-json\/wp\/v2\/types\/post"}],"author":[{"embeddable":true,"href":"https:\/\/www.uesc-waldmichelbach.de\/uesc\/wp-json\/wp\/v2\/users\/14"}],"replies":[{"embeddable":true,"href":"https:\/\/www.uesc-waldmichelbach.de\/uesc\/wp-json\/wp\/v2\/comments?post=2279"}],"version-history":[{"count":2,"href":"https:\/\/www.uesc-waldmichelbach.de\/uesc\/wp-json\/wp\/v2\/posts\/2279\/revisions"}],"predecessor-version":[{"id":2281,"href":"https:\/\/www.uesc-waldmichelbach.de\/uesc\/wp-json\/wp\/v2\/posts\/2279\/revisions\/2281"}],"wp:attachment":[{"href":"https:\/\/www.uesc-waldmichelbach.de\/uesc\/wp-json\/wp\/v2\/media?parent=2279"}],"wp:term":[{"taxonomy":"category","embeddable":true,"href":"https:\/\/www.uesc-waldmichelbach.de\/uesc\/wp-json\/wp\/v2\/categories?post=2279"},{"taxonomy":"post_tag","embeddable":true,"href":"https:\/\/www.uesc-waldmichelbach.de\/uesc\/wp-json\/wp\/v2\/tags?post=2279"}],"curies":[{"name":"wp","href":"https:\/\/api.w.org\/{rel}","templated":true}]}}