{"id":2259,"date":"2024-02-24T12:57:29","date_gmt":"2024-02-24T10:57:29","guid":{"rendered":"https:\/\/www.uesc-waldmichelbach.de\/uesc\/?p=2259"},"modified":"2024-02-24T12:58:20","modified_gmt":"2024-02-24T10:58:20","slug":"24-02-2024-uesc-will-platz-1-zurueck","status":"publish","type":"post","link":"https:\/\/www.uesc-waldmichelbach.de\/uesc\/24-02-2024-uesc-will-platz-1-zurueck\/","title":{"rendered":"24.02.2024 &#8211; \u00dcSC will Platz 3 zur\u00fcck"},"content":{"rendered":"<h4>Volleyball: Letzter Heimspieltag heute in Wald-Michelbach<\/h4>\n<p>Die Bezirksoberliga-Volleyballerinnen des \u00dcSC Wald-Michelbach verloren ihr Ausw\u00e4rtsspiel gegen TV Dreieichenhain am vergangenen Sonntag mit 1:3.<\/p>\n<p>Vor allem die vielen Eigenfehler der \u00dcSC-Damen erschwerte es dem Team, Konstanz und Selbstsicherheit zu gewinnen. Trainer Michael Klieber f\u00fchrte zum dritten Satz einen Doppel-Wechsel im Zuspiel und auf der Diagonalposition mit Julia Oswald und Zo\u00eb R\u00fcdt durch. Die Wald-Michelbacherinnen konnten nun auch durch Variabilit\u00e4t im Angriff und sehr guter Abwehrleistung den dritten Satz f\u00fcr sich entscheiden. Im vierten Satz schlichen sich wieder mehr Fehler auf Seiten des \u00dcSCs ein, die erfahreneren Damen des Gastgebers blieben stabil und sicherten sich Satz vier mit 25:18 verloren wurde.<\/p>\n<p>\u00dcSC: Kr\u00e4mer, Oswald, R\u00fcdt, R\u00fcger, Schmidt, Schmitt, Scholl, Schuhmann, Steinmann, Wagner, Weigel.<\/p>\n<p>Am heutigen Samstag, den 24. Februar 2024 begr\u00fc\u00dft die erste Volleyball-Damenmannschaft des \u00dcSC Wald-Michelbach zum letzten Doppelheimspieltag f\u00fcr diese Saison als G\u00e4ste in der Bezirksoberliga S\u00fcd im ersten Spiel die VSG Ried-Volleys und anschlie\u00dfend den direkten Ligakonkurrenten SKV M\u00f6rfelden.<\/p>\n<p>Gespielt wird in der Wald-Michelbacher Grundschulhalle der Adam-Karrillon-Schule. Anpfiff des ersten Spiels ist um 15:00 Uhr, das zweite Spiel beginnt um ca. 17:30Uhr. Das junge \u00dcSC-Team m\u00f6chte beide Spiele f\u00fcr sich entscheiden und sich somit den dritten Tabellenplatz zur\u00fcckerobern.<\/p>\n<p>Coach Klieber und Co-Trainer Achim Mayr m\u00fcssen auf Au\u00dfenangreiferin Celine Steinmann verzichten, die dieses Wochenende das Team nur von der Bank unterst\u00fctzen kann. Dennoch ist man zuversichtlich, da die \u00dcSC-Damen trotzdem gut aufgestellt sein werden. Im Zuspiel werden Katinka Pfaff, Julia Oswald und Mannschaftskapit\u00e4nin Sina Schmitt aufspielen. Im Mittelblock greifen Zo\u00e9 Schuhmann, Alicia Wagner und Sabrina Kr\u00e4mer an. Libera Kristin Scholl wird die Au\u00dfenangreiferinnen Emely Weigel und Sarah R\u00fcger in der Abwehr und Annahme unterst\u00fctzen. Auch Lisa Schmidt und Zo\u00e9 R\u00fcdt werden im Diagonalangriff alles geben.<\/p>\n<p>Auf allen Positionen k\u00f6nnte das Team noch verst\u00e4rkt werden und freut sich jederzeit auf neue Spielerinnen. Wer Interesse hat, kann im Training vorbeikommen. Die Damen trainieren immer mittwochs (19.45-21.45Uhr) und freitags 18.30-20.30Uhr) in der Adam-Karrillon-Schule.<\/p>\n<p>Wer Interesse am Volleyball hat, kann sich gerne bei Jugendwartin Sabrina Kr\u00e4mer melden (sabrinakraemer@freenet.de). Der Verein sucht auch im Nachwuchs sportbegeisterte Jungs und M\u00e4dchen zwischen 10 und 18 Jahren.<\/p>\n","protected":false},"excerpt":{"rendered":"<p>Volleyball: Letzter Heimspieltag heute in Wald-Michelbach Die Bezirksoberliga-Volleyballerinnen des \u00dcSC Wald-Michelbach verloren ihr Ausw\u00e4rtsspiel gegen TV Dreieichenhain am vergangenen Sonntag mit 1:3. Vor allem die vielen Eigenfehler der \u00dcSC-Damen erschwerte es dem Team, Konstanz und Selbstsicherheit zu gewinnen. Trainer Michael Klieber f\u00fchrte zum dritten Satz einen Doppel-Wechsel im Zuspiel und auf der Diagonalposition mit Julia [&hellip;]<\/p>\n","protected":false},"author":14,"featured_media":0,"comment_status":"open","ping_status":"open","sticky":false,"template":"","format":"standard","meta":{"footnotes":""},"categories":[1],"tags":[],"class_list":["post-2259","post","type-post","status-publish","format-standard","hentry","category-allgemein"],"yoast_head":"<!-- This site is optimized with the Yoast SEO plugin v27.4 - https:\/\/yoast.com\/product\/yoast-seo-wordpress\/ -->\n<title>24.02.2024 - \u00dcSC will Platz 3 zur\u00fcck - \u00dcberw\u00e4lder Schulsportclub<\/title>\n<meta name=\"robots\" content=\"index, follow, max-snippet:-1, max-image-preview:large, max-video-preview:-1\" \/>\n<link rel=\"canonical\" href=\"https:\/\/www.uesc-waldmichelbach.de\/uesc\/24-02-2024-uesc-will-platz-1-zurueck\/\" \/>\n<meta property=\"og:locale\" content=\"de_DE\" \/>\n<meta property=\"og:type\" content=\"article\" \/>\n<meta property=\"og:title\" content=\"24.02.2024 - \u00dcSC will Platz 3 zur\u00fcck - \u00dcberw\u00e4lder Schulsportclub\" \/>\n<meta property=\"og:description\" content=\"Volleyball: Letzter Heimspieltag heute in Wald-Michelbach Die Bezirksoberliga-Volleyballerinnen des \u00dcSC Wald-Michelbach verloren ihr Ausw\u00e4rtsspiel gegen TV Dreieichenhain am vergangenen Sonntag mit 1:3. Vor allem die vielen Eigenfehler der \u00dcSC-Damen erschwerte es dem Team, Konstanz und Selbstsicherheit zu gewinnen. Trainer Michael Klieber f\u00fchrte zum dritten Satz einen Doppel-Wechsel im Zuspiel und auf der Diagonalposition mit Julia [&hellip;]\" \/>\n<meta property=\"og:url\" content=\"https:\/\/www.uesc-waldmichelbach.de\/uesc\/24-02-2024-uesc-will-platz-1-zurueck\/\" \/>\n<meta property=\"og:site_name\" content=\"\u00dcberw\u00e4lder Schulsportclub\" \/>\n<meta property=\"article:publisher\" content=\"https:\/\/www.facebook.com\/UESC.WaldMichelbach\" \/>\n<meta property=\"article:published_time\" content=\"2024-02-24T10:57:29+00:00\" \/>\n<meta property=\"article:modified_time\" content=\"2024-02-24T10:58:20+00:00\" \/>\n<meta name=\"author\" content=\"Jenny Schmitt\" \/>\n<meta name=\"twitter:card\" content=\"summary_large_image\" \/>\n<meta name=\"twitter:label1\" content=\"Verfasst von\" \/>\n\t<meta name=\"twitter:data1\" content=\"Jenny Schmitt\" \/>\n\t<meta name=\"twitter:label2\" content=\"Gesch\u00e4tzte Lesezeit\" \/>\n\t<meta name=\"twitter:data2\" content=\"2\u00a0Minuten\" \/>\n<script type=\"application\/ld+json\" class=\"yoast-schema-graph\">{\"@context\":\"https:\\\/\\\/schema.org\",\"@graph\":[{\"@type\":\"Article\",\"@id\":\"https:\\\/\\\/www.uesc-waldmichelbach.de\\\/uesc\\\/24-02-2024-uesc-will-platz-1-zurueck\\\/#article\",\"isPartOf\":{\"@id\":\"https:\\\/\\\/www.uesc-waldmichelbach.de\\\/uesc\\\/24-02-2024-uesc-will-platz-1-zurueck\\\/\"},\"author\":{\"name\":\"Jenny Schmitt\",\"@id\":\"https:\\\/\\\/www.uesc-waldmichelbach.de\\\/uesc\\\/#\\\/schema\\\/person\\\/bcc819d7d59ff001ea06d76dd3a4dc33\"},\"headline\":\"24.02.2024 &#8211; \u00dcSC will Platz 3 zur\u00fcck\",\"datePublished\":\"2024-02-24T10:57:29+00:00\",\"dateModified\":\"2024-02-24T10:58:20+00:00\",\"mainEntityOfPage\":{\"@id\":\"https:\\\/\\\/www.uesc-waldmichelbach.de\\\/uesc\\\/24-02-2024-uesc-will-platz-1-zurueck\\\/\"},\"wordCount\":381,\"commentCount\":0,\"publisher\":{\"@id\":\"https:\\\/\\\/www.uesc-waldmichelbach.de\\\/uesc\\\/#organization\"},\"inLanguage\":\"de\",\"potentialAction\":[{\"@type\":\"CommentAction\",\"name\":\"Comment\",\"target\":[\"https:\\\/\\\/www.uesc-waldmichelbach.de\\\/uesc\\\/24-02-2024-uesc-will-platz-1-zurueck\\\/#respond\"]}]},{\"@type\":\"WebPage\",\"@id\":\"https:\\\/\\\/www.uesc-waldmichelbach.de\\\/uesc\\\/24-02-2024-uesc-will-platz-1-zurueck\\\/\",\"url\":\"https:\\\/\\\/www.uesc-waldmichelbach.de\\\/uesc\\\/24-02-2024-uesc-will-platz-1-zurueck\\\/\",\"name\":\"24.02.2024 - \u00dcSC will Platz 3 zur\u00fcck - \u00dcberw\u00e4lder Schulsportclub\",\"isPartOf\":{\"@id\":\"https:\\\/\\\/www.uesc-waldmichelbach.de\\\/uesc\\\/#website\"},\"datePublished\":\"2024-02-24T10:57:29+00:00\",\"dateModified\":\"2024-02-24T10:58:20+00:00\",\"breadcrumb\":{\"@id\":\"https:\\\/\\\/www.uesc-waldmichelbach.de\\\/uesc\\\/24-02-2024-uesc-will-platz-1-zurueck\\\/#breadcrumb\"},\"inLanguage\":\"de\",\"potentialAction\":[{\"@type\":\"ReadAction\",\"target\":[\"https:\\\/\\\/www.uesc-waldmichelbach.de\\\/uesc\\\/24-02-2024-uesc-will-platz-1-zurueck\\\/\"]}]},{\"@type\":\"BreadcrumbList\",\"@id\":\"https:\\\/\\\/www.uesc-waldmichelbach.de\\\/uesc\\\/24-02-2024-uesc-will-platz-1-zurueck\\\/#breadcrumb\",\"itemListElement\":[{\"@type\":\"ListItem\",\"position\":1,\"name\":\"Startseite\",\"item\":\"https:\\\/\\\/www.uesc-waldmichelbach.de\\\/uesc\\\/\"},{\"@type\":\"ListItem\",\"position\":2,\"name\":\"24.02.2024 &#8211; \u00dcSC will Platz 3 zur\u00fcck\"}]},{\"@type\":\"WebSite\",\"@id\":\"https:\\\/\\\/www.uesc-waldmichelbach.de\\\/uesc\\\/#website\",\"url\":\"https:\\\/\\\/www.uesc-waldmichelbach.de\\\/uesc\\\/\",\"name\":\"\u00dcberw\u00e4lder Schulsportclub\",\"description\":\"\u00dcberw\u00e4lder Sportverein\",\"publisher\":{\"@id\":\"https:\\\/\\\/www.uesc-waldmichelbach.de\\\/uesc\\\/#organization\"},\"potentialAction\":[{\"@type\":\"SearchAction\",\"target\":{\"@type\":\"EntryPoint\",\"urlTemplate\":\"https:\\\/\\\/www.uesc-waldmichelbach.de\\\/uesc\\\/?s={search_term_string}\"},\"query-input\":{\"@type\":\"PropertyValueSpecification\",\"valueRequired\":true,\"valueName\":\"search_term_string\"}}],\"inLanguage\":\"de\"},{\"@type\":\"Organization\",\"@id\":\"https:\\\/\\\/www.uesc-waldmichelbach.de\\\/uesc\\\/#organization\",\"name\":\"\u00dcberw\u00e4lder Schulsportclub\",\"url\":\"https:\\\/\\\/www.uesc-waldmichelbach.de\\\/uesc\\\/\",\"logo\":{\"@type\":\"ImageObject\",\"inLanguage\":\"de\",\"@id\":\"https:\\\/\\\/www.uesc-waldmichelbach.de\\\/uesc\\\/#\\\/schema\\\/logo\\\/image\\\/\",\"url\":\"https:\\\/\\\/www.uesc-waldmichelbach.de\\\/uesc\\\/wp-content\\\/uploads\\\/2022\\\/10\\\/cropped-UeSC-Logo-Varianten.png\",\"contentUrl\":\"https:\\\/\\\/www.uesc-waldmichelbach.de\\\/uesc\\\/wp-content\\\/uploads\\\/2022\\\/10\\\/cropped-UeSC-Logo-Varianten.png\",\"width\":240,\"height\":258,\"caption\":\"\u00dcberw\u00e4lder Schulsportclub\"},\"image\":{\"@id\":\"https:\\\/\\\/www.uesc-waldmichelbach.de\\\/uesc\\\/#\\\/schema\\\/logo\\\/image\\\/\"},\"sameAs\":[\"https:\\\/\\\/www.facebook.com\\\/UESC.WaldMichelbach\",\"https:\\\/\\\/www.instagram.com\\\/uesc.wamiba\\\/\"]},{\"@type\":\"Person\",\"@id\":\"https:\\\/\\\/www.uesc-waldmichelbach.de\\\/uesc\\\/#\\\/schema\\\/person\\\/bcc819d7d59ff001ea06d76dd3a4dc33\",\"name\":\"Jenny Schmitt\",\"image\":{\"@type\":\"ImageObject\",\"inLanguage\":\"de\",\"@id\":\"https:\\\/\\\/secure.gravatar.com\\\/avatar\\\/fca45e91f95d2eb2e48f56c4ff588c847905f39815c8557467bc61eb32060936?s=96&d=mm&r=g\",\"url\":\"https:\\\/\\\/secure.gravatar.com\\\/avatar\\\/fca45e91f95d2eb2e48f56c4ff588c847905f39815c8557467bc61eb32060936?s=96&d=mm&r=g\",\"contentUrl\":\"https:\\\/\\\/secure.gravatar.com\\\/avatar\\\/fca45e91f95d2eb2e48f56c4ff588c847905f39815c8557467bc61eb32060936?s=96&d=mm&r=g\",\"caption\":\"Jenny Schmitt\"},\"url\":\"https:\\\/\\\/www.uesc-waldmichelbach.de\\\/uesc\\\/author\\\/jenny\\\/\"}]}<\/script>\n<!-- \/ Yoast SEO plugin. -->","yoast_head_json":{"title":"24.02.2024 - \u00dcSC will Platz 3 zur\u00fcck - \u00dcberw\u00e4lder Schulsportclub","robots":{"index":"index","follow":"follow","max-snippet":"max-snippet:-1","max-image-preview":"max-image-preview:large","max-video-preview":"max-video-preview:-1"},"canonical":"https:\/\/www.uesc-waldmichelbach.de\/uesc\/24-02-2024-uesc-will-platz-1-zurueck\/","og_locale":"de_DE","og_type":"article","og_title":"24.02.2024 - \u00dcSC will Platz 3 zur\u00fcck - \u00dcberw\u00e4lder Schulsportclub","og_description":"Volleyball: Letzter Heimspieltag heute in Wald-Michelbach Die Bezirksoberliga-Volleyballerinnen des \u00dcSC Wald-Michelbach verloren ihr Ausw\u00e4rtsspiel gegen TV Dreieichenhain am vergangenen Sonntag mit 1:3. Vor allem die vielen Eigenfehler der \u00dcSC-Damen erschwerte es dem Team, Konstanz und Selbstsicherheit zu gewinnen. Trainer Michael Klieber f\u00fchrte zum dritten Satz einen Doppel-Wechsel im Zuspiel und auf der Diagonalposition mit Julia [&hellip;]","og_url":"https:\/\/www.uesc-waldmichelbach.de\/uesc\/24-02-2024-uesc-will-platz-1-zurueck\/","og_site_name":"\u00dcberw\u00e4lder Schulsportclub","article_publisher":"https:\/\/www.facebook.com\/UESC.WaldMichelbach","article_published_time":"2024-02-24T10:57:29+00:00","article_modified_time":"2024-02-24T10:58:20+00:00","author":"Jenny Schmitt","twitter_card":"summary_large_image","twitter_misc":{"Verfasst von":"Jenny Schmitt","Gesch\u00e4tzte Lesezeit":"2\u00a0Minuten"},"schema":{"@context":"https:\/\/schema.org","@graph":[{"@type":"Article","@id":"https:\/\/www.uesc-waldmichelbach.de\/uesc\/24-02-2024-uesc-will-platz-1-zurueck\/#article","isPartOf":{"@id":"https:\/\/www.uesc-waldmichelbach.de\/uesc\/24-02-2024-uesc-will-platz-1-zurueck\/"},"author":{"name":"Jenny Schmitt","@id":"https:\/\/www.uesc-waldmichelbach.de\/uesc\/#\/schema\/person\/bcc819d7d59ff001ea06d76dd3a4dc33"},"headline":"24.02.2024 &#8211; \u00dcSC will Platz 3 zur\u00fcck","datePublished":"2024-02-24T10:57:29+00:00","dateModified":"2024-02-24T10:58:20+00:00","mainEntityOfPage":{"@id":"https:\/\/www.uesc-waldmichelbach.de\/uesc\/24-02-2024-uesc-will-platz-1-zurueck\/"},"wordCount":381,"commentCount":0,"publisher":{"@id":"https:\/\/www.uesc-waldmichelbach.de\/uesc\/#organization"},"inLanguage":"de","potentialAction":[{"@type":"CommentAction","name":"Comment","target":["https:\/\/www.uesc-waldmichelbach.de\/uesc\/24-02-2024-uesc-will-platz-1-zurueck\/#respond"]}]},{"@type":"WebPage","@id":"https:\/\/www.uesc-waldmichelbach.de\/uesc\/24-02-2024-uesc-will-platz-1-zurueck\/","url":"https:\/\/www.uesc-waldmichelbach.de\/uesc\/24-02-2024-uesc-will-platz-1-zurueck\/","name":"24.02.2024 - \u00dcSC will Platz 3 zur\u00fcck - \u00dcberw\u00e4lder Schulsportclub","isPartOf":{"@id":"https:\/\/www.uesc-waldmichelbach.de\/uesc\/#website"},"datePublished":"2024-02-24T10:57:29+00:00","dateModified":"2024-02-24T10:58:20+00:00","breadcrumb":{"@id":"https:\/\/www.uesc-waldmichelbach.de\/uesc\/24-02-2024-uesc-will-platz-1-zurueck\/#breadcrumb"},"inLanguage":"de","potentialAction":[{"@type":"ReadAction","target":["https:\/\/www.uesc-waldmichelbach.de\/uesc\/24-02-2024-uesc-will-platz-1-zurueck\/"]}]},{"@type":"BreadcrumbList","@id":"https:\/\/www.uesc-waldmichelbach.de\/uesc\/24-02-2024-uesc-will-platz-1-zurueck\/#breadcrumb","itemListElement":[{"@type":"ListItem","position":1,"name":"Startseite","item":"https:\/\/www.uesc-waldmichelbach.de\/uesc\/"},{"@type":"ListItem","position":2,"name":"24.02.2024 &#8211; \u00dcSC will Platz 3 zur\u00fcck"}]},{"@type":"WebSite","@id":"https:\/\/www.uesc-waldmichelbach.de\/uesc\/#website","url":"https:\/\/www.uesc-waldmichelbach.de\/uesc\/","name":"\u00dcberw\u00e4lder Schulsportclub","description":"\u00dcberw\u00e4lder Sportverein","publisher":{"@id":"https:\/\/www.uesc-waldmichelbach.de\/uesc\/#organization"},"potentialAction":[{"@type":"SearchAction","target":{"@type":"EntryPoint","urlTemplate":"https:\/\/www.uesc-waldmichelbach.de\/uesc\/?s={search_term_string}"},"query-input":{"@type":"PropertyValueSpecification","valueRequired":true,"valueName":"search_term_string"}}],"inLanguage":"de"},{"@type":"Organization","@id":"https:\/\/www.uesc-waldmichelbach.de\/uesc\/#organization","name":"\u00dcberw\u00e4lder Schulsportclub","url":"https:\/\/www.uesc-waldmichelbach.de\/uesc\/","logo":{"@type":"ImageObject","inLanguage":"de","@id":"https:\/\/www.uesc-waldmichelbach.de\/uesc\/#\/schema\/logo\/image\/","url":"https:\/\/www.uesc-waldmichelbach.de\/uesc\/wp-content\/uploads\/2022\/10\/cropped-UeSC-Logo-Varianten.png","contentUrl":"https:\/\/www.uesc-waldmichelbach.de\/uesc\/wp-content\/uploads\/2022\/10\/cropped-UeSC-Logo-Varianten.png","width":240,"height":258,"caption":"\u00dcberw\u00e4lder Schulsportclub"},"image":{"@id":"https:\/\/www.uesc-waldmichelbach.de\/uesc\/#\/schema\/logo\/image\/"},"sameAs":["https:\/\/www.facebook.com\/UESC.WaldMichelbach","https:\/\/www.instagram.com\/uesc.wamiba\/"]},{"@type":"Person","@id":"https:\/\/www.uesc-waldmichelbach.de\/uesc\/#\/schema\/person\/bcc819d7d59ff001ea06d76dd3a4dc33","name":"Jenny Schmitt","image":{"@type":"ImageObject","inLanguage":"de","@id":"https:\/\/secure.gravatar.com\/avatar\/fca45e91f95d2eb2e48f56c4ff588c847905f39815c8557467bc61eb32060936?s=96&d=mm&r=g","url":"https:\/\/secure.gravatar.com\/avatar\/fca45e91f95d2eb2e48f56c4ff588c847905f39815c8557467bc61eb32060936?s=96&d=mm&r=g","contentUrl":"https:\/\/secure.gravatar.com\/avatar\/fca45e91f95d2eb2e48f56c4ff588c847905f39815c8557467bc61eb32060936?s=96&d=mm&r=g","caption":"Jenny Schmitt"},"url":"https:\/\/www.uesc-waldmichelbach.de\/uesc\/author\/jenny\/"}]}},"_links":{"self":[{"href":"https:\/\/www.uesc-waldmichelbach.de\/uesc\/wp-json\/wp\/v2\/posts\/2259","targetHints":{"allow":["GET"]}}],"collection":[{"href":"https:\/\/www.uesc-waldmichelbach.de\/uesc\/wp-json\/wp\/v2\/posts"}],"about":[{"href":"https:\/\/www.uesc-waldmichelbach.de\/uesc\/wp-json\/wp\/v2\/types\/post"}],"author":[{"embeddable":true,"href":"https:\/\/www.uesc-waldmichelbach.de\/uesc\/wp-json\/wp\/v2\/users\/14"}],"replies":[{"embeddable":true,"href":"https:\/\/www.uesc-waldmichelbach.de\/uesc\/wp-json\/wp\/v2\/comments?post=2259"}],"version-history":[{"count":2,"href":"https:\/\/www.uesc-waldmichelbach.de\/uesc\/wp-json\/wp\/v2\/posts\/2259\/revisions"}],"predecessor-version":[{"id":2267,"href":"https:\/\/www.uesc-waldmichelbach.de\/uesc\/wp-json\/wp\/v2\/posts\/2259\/revisions\/2267"}],"wp:attachment":[{"href":"https:\/\/www.uesc-waldmichelbach.de\/uesc\/wp-json\/wp\/v2\/media?parent=2259"}],"wp:term":[{"taxonomy":"category","embeddable":true,"href":"https:\/\/www.uesc-waldmichelbach.de\/uesc\/wp-json\/wp\/v2\/categories?post=2259"},{"taxonomy":"post_tag","embeddable":true,"href":"https:\/\/www.uesc-waldmichelbach.de\/uesc\/wp-json\/wp\/v2\/tags?post=2259"}],"curies":[{"name":"wp","href":"https:\/\/api.w.org\/{rel}","templated":true}]}}