{"id":2193,"date":"2023-12-13T10:15:29","date_gmt":"2023-12-13T08:15:29","guid":{"rendered":"https:\/\/www.uesc-waldmichelbach.de\/uesc\/?p=2193"},"modified":"2023-12-13T10:16:39","modified_gmt":"2023-12-13T08:16:39","slug":"09-12-23-der-uesc-wald-michelbach-erfuellt-die-pflicht","status":"publish","type":"post","link":"https:\/\/www.uesc-waldmichelbach.de\/uesc\/09-12-23-der-uesc-wald-michelbach-erfuellt-die-pflicht\/","title":{"rendered":"09.12.23 &#8211; Der \u00dcSC Wald-Michelbach erf\u00fcllt die Pflicht"},"content":{"rendered":"<h5>Volleyball: Die Gastgeber besiegen den Tabellenletzten TG Hausen, aber der Spitzenreiter SSG Langen ist wieder zu stark.<\/h5>\n<p>Am ersten Heimspieltag der R\u00fcckrunde gewinnt der \u00dcSC Wald-Michelbach mit 3:1 gegen die TG Hausen und verliert im zweiten Spiel mit 0:3 gegen den SSG Langen. F\u00fcr die R\u00fcckrunde in der Bezirksoberliga S\u00fcd stehen Trainer Klieber mit Julia Oswald und Zo\u0451 R\u00fcdt zwei weitere Spielerinnen zur Verf\u00fcgung. Beide sind bereits in der Vergangenheit f\u00fcr den \u00dcSC aufgelaufen und werden die Mannschaft in den kommenden Spielen unterst\u00fctzen.<\/p>\n<p>Im ersten Spiel des Tages ging es gegen den Aufsteiger der TG Hausen. Gegen den Tabellenletzten war ein Sieg Pflicht. Das Team startete gut in das Spiel und ging fr\u00fch in F\u00fchrung. Mit einer sicheren Annahme und druckvollen Aufschl\u00e4gen entschied das Team den ersten Satz mit 25:17 f\u00fcr sich.<\/p>\n<p>Auch im zweiten Satz dominierte der \u00dcSC und geriet nie in R\u00fcckstand. Coach Klieber nahm einige Wechsel vor, um die Kr\u00e4fte f\u00fcr das zweite Spiel zu schonen. Auch die eingewechselten Spielerinnen konnten vor dem heimischen Publikum \u00fcberzeugen und gewannen den Satz erneut mit 25:17.<\/p>\n<p>Im dritten Satz brach die Leistung des jungen Teams jedoch komplett ein. Besonders im Spielaufbau und dem Angriff wollte nichts mehr gelingen, die Folge waren viele Eigenfehler, die den Gegner ins Spiel brachten. Der Satz wurde deutlich mit 14:25 verloren. Im vierten Satz fand der \u00dcSC zu alter Form zur\u00fcck und zeigte eine bessere Leistung. Obwohl der Satz lange ausgeglichen war, konnte sich das Team am Ende dank einiger guter Angriffe absetzen und gewann mit 25:18.<\/p>\n<p>Im zweiten Spiel ging es gegen den Tabellenzweiten aus Langen. Nachdem man erst vor zwei Wochen eine deutliche Niederlage einstecken musste, wollte man es in der eignen Halle besser machen. Gegen die starken Aufschl\u00e4ge des Gegners machte die Annahme der \u00dcSC-Damen einen guten Job, trotzdem gelang es der Mannschaft h\u00e4ufig nicht, Druck im Angriff zu erzeugen. Den spielstarken Gegnerinnen gelangen viele sehenswerte Angriffe, der Block war oft nicht zu \u00fcberwinden.Obwohl die \u00dcSC-Mannschaft immer wieder guter Aktionen zeigte, konnte sie ihr volles Potential nicht aussch\u00f6pfen. Die SSG dominierte in allen drei S\u00e4tzen, sodass der \u00dcSC in keinem Satz eine F\u00fchrung herausspielen konnte. Alle S\u00e4tze wurden deutlich mit 13:25 verloren und das Spiel ging mit 0:3 an die SSG Langen.<\/p>\n<p>Im neuen Jahr geht es f\u00fcr den \u00dcSC am 21.01. gegen den DSW Darmstadt II.<\/p>\n<p>\u00dcSC: Gvero, Kr\u00e4mer, Oswald, Pfaff, R\u00fcdt, R\u00fcger, Schmidt, Schmitt, Scholl, Schuhmann, Steinmann, Wagner, Weigel<\/p>\n<div id=\"attachment_2195\" style=\"width: 803px\" class=\"wp-caption alignleft\"><img fetchpriority=\"high\" decoding=\"async\" aria-describedby=\"caption-attachment-2195\" class=\"wp-image-2195 \" src=\"https:\/\/www.uesc-waldmichelbach.de\/uesc\/wp-content\/uploads\/2023\/12\/UESC-Weihnachtsmarkt-Wald-Michelbach.jpg\" alt=\"\" width=\"793\" height=\"601\" srcset=\"https:\/\/www.uesc-waldmichelbach.de\/uesc\/wp-content\/uploads\/2023\/12\/UESC-Weihnachtsmarkt-Wald-Michelbach.jpg 1673w, https:\/\/www.uesc-waldmichelbach.de\/uesc\/wp-content\/uploads\/2023\/12\/UESC-Weihnachtsmarkt-Wald-Michelbach-300x227.jpg 300w, https:\/\/www.uesc-waldmichelbach.de\/uesc\/wp-content\/uploads\/2023\/12\/UESC-Weihnachtsmarkt-Wald-Michelbach-768x582.jpg 768w, https:\/\/www.uesc-waldmichelbach.de\/uesc\/wp-content\/uploads\/2023\/12\/UESC-Weihnachtsmarkt-Wald-Michelbach-1536x1163.jpg 1536w, https:\/\/www.uesc-waldmichelbach.de\/uesc\/wp-content\/uploads\/2023\/12\/UESC-Weihnachtsmarkt-Wald-Michelbach-600x454.jpg 600w\" sizes=\"(max-width: 793px) 100vw, 793px\" \/><p id=\"caption-attachment-2195\" class=\"wp-caption-text\">Traditionsgem\u00e4\u00df besuchten au\u00dferdem Damenmannschaft und Vorstand des \u00dcSC den Wald-Michelbacher Weihnachtsmarkt am Wochenende.<\/p><\/div>\n","protected":false},"excerpt":{"rendered":"<p>Volleyball: Die Gastgeber besiegen den Tabellenletzten TG Hausen, aber der Spitzenreiter SSG Langen ist wieder zu stark. Am ersten Heimspieltag der R\u00fcckrunde gewinnt der \u00dcSC Wald-Michelbach mit 3:1 gegen die TG Hausen und verliert im zweiten Spiel mit 0:3 gegen den SSG Langen. F\u00fcr die R\u00fcckrunde in der Bezirksoberliga S\u00fcd stehen Trainer Klieber mit Julia [&hellip;]<\/p>\n","protected":false},"author":14,"featured_media":0,"comment_status":"open","ping_status":"open","sticky":false,"template":"","format":"standard","meta":{"footnotes":""},"categories":[1],"tags":[],"class_list":["post-2193","post","type-post","status-publish","format-standard","hentry","category-allgemein"],"yoast_head":"<!-- This site is optimized with the Yoast SEO plugin v27.4 - https:\/\/yoast.com\/product\/yoast-seo-wordpress\/ -->\n<title>09.12.23 - Der \u00dcSC Wald-Michelbach erf\u00fcllt die Pflicht - \u00dcberw\u00e4lder Schulsportclub<\/title>\n<meta name=\"robots\" content=\"index, follow, max-snippet:-1, max-image-preview:large, max-video-preview:-1\" \/>\n<link rel=\"canonical\" href=\"https:\/\/www.uesc-waldmichelbach.de\/uesc\/09-12-23-der-uesc-wald-michelbach-erfuellt-die-pflicht\/\" \/>\n<meta property=\"og:locale\" content=\"de_DE\" \/>\n<meta property=\"og:type\" content=\"article\" \/>\n<meta property=\"og:title\" content=\"09.12.23 - Der \u00dcSC Wald-Michelbach erf\u00fcllt die Pflicht - \u00dcberw\u00e4lder Schulsportclub\" \/>\n<meta property=\"og:description\" content=\"Volleyball: Die Gastgeber besiegen den Tabellenletzten TG Hausen, aber der Spitzenreiter SSG Langen ist wieder zu stark. Am ersten Heimspieltag der R\u00fcckrunde gewinnt der \u00dcSC Wald-Michelbach mit 3:1 gegen die TG Hausen und verliert im zweiten Spiel mit 0:3 gegen den SSG Langen. F\u00fcr die R\u00fcckrunde in der Bezirksoberliga S\u00fcd stehen Trainer Klieber mit Julia [&hellip;]\" \/>\n<meta property=\"og:url\" content=\"https:\/\/www.uesc-waldmichelbach.de\/uesc\/09-12-23-der-uesc-wald-michelbach-erfuellt-die-pflicht\/\" \/>\n<meta property=\"og:site_name\" content=\"\u00dcberw\u00e4lder Schulsportclub\" \/>\n<meta property=\"article:publisher\" content=\"https:\/\/www.facebook.com\/UESC.WaldMichelbach\" \/>\n<meta property=\"article:published_time\" content=\"2023-12-13T08:15:29+00:00\" \/>\n<meta property=\"article:modified_time\" content=\"2023-12-13T08:16:39+00:00\" \/>\n<meta property=\"og:image\" content=\"https:\/\/www.uesc-waldmichelbach.de\/uesc\/wp-content\/uploads\/2023\/12\/UESC-Weihnachtsmarkt-Wald-Michelbach.jpg\" \/>\n<meta name=\"author\" content=\"Jenny Schmitt\" \/>\n<meta name=\"twitter:card\" content=\"summary_large_image\" \/>\n<meta name=\"twitter:label1\" content=\"Verfasst von\" \/>\n\t<meta name=\"twitter:data1\" content=\"Jenny Schmitt\" \/>\n\t<meta name=\"twitter:label2\" content=\"Gesch\u00e4tzte Lesezeit\" \/>\n\t<meta name=\"twitter:data2\" content=\"2\u00a0Minuten\" \/>\n<script type=\"application\/ld+json\" class=\"yoast-schema-graph\">{\"@context\":\"https:\\\/\\\/schema.org\",\"@graph\":[{\"@type\":\"Article\",\"@id\":\"https:\\\/\\\/www.uesc-waldmichelbach.de\\\/uesc\\\/09-12-23-der-uesc-wald-michelbach-erfuellt-die-pflicht\\\/#article\",\"isPartOf\":{\"@id\":\"https:\\\/\\\/www.uesc-waldmichelbach.de\\\/uesc\\\/09-12-23-der-uesc-wald-michelbach-erfuellt-die-pflicht\\\/\"},\"author\":{\"name\":\"Jenny Schmitt\",\"@id\":\"https:\\\/\\\/www.uesc-waldmichelbach.de\\\/uesc\\\/#\\\/schema\\\/person\\\/bcc819d7d59ff001ea06d76dd3a4dc33\"},\"headline\":\"09.12.23 &#8211; Der \u00dcSC Wald-Michelbach erf\u00fcllt die Pflicht\",\"datePublished\":\"2023-12-13T08:15:29+00:00\",\"dateModified\":\"2023-12-13T08:16:39+00:00\",\"mainEntityOfPage\":{\"@id\":\"https:\\\/\\\/www.uesc-waldmichelbach.de\\\/uesc\\\/09-12-23-der-uesc-wald-michelbach-erfuellt-die-pflicht\\\/\"},\"wordCount\":446,\"commentCount\":0,\"publisher\":{\"@id\":\"https:\\\/\\\/www.uesc-waldmichelbach.de\\\/uesc\\\/#organization\"},\"image\":{\"@id\":\"https:\\\/\\\/www.uesc-waldmichelbach.de\\\/uesc\\\/09-12-23-der-uesc-wald-michelbach-erfuellt-die-pflicht\\\/#primaryimage\"},\"thumbnailUrl\":\"https:\\\/\\\/www.uesc-waldmichelbach.de\\\/uesc\\\/wp-content\\\/uploads\\\/2023\\\/12\\\/UESC-Weihnachtsmarkt-Wald-Michelbach.jpg\",\"inLanguage\":\"de\",\"potentialAction\":[{\"@type\":\"CommentAction\",\"name\":\"Comment\",\"target\":[\"https:\\\/\\\/www.uesc-waldmichelbach.de\\\/uesc\\\/09-12-23-der-uesc-wald-michelbach-erfuellt-die-pflicht\\\/#respond\"]}]},{\"@type\":\"WebPage\",\"@id\":\"https:\\\/\\\/www.uesc-waldmichelbach.de\\\/uesc\\\/09-12-23-der-uesc-wald-michelbach-erfuellt-die-pflicht\\\/\",\"url\":\"https:\\\/\\\/www.uesc-waldmichelbach.de\\\/uesc\\\/09-12-23-der-uesc-wald-michelbach-erfuellt-die-pflicht\\\/\",\"name\":\"09.12.23 - Der \u00dcSC Wald-Michelbach erf\u00fcllt die Pflicht - \u00dcberw\u00e4lder Schulsportclub\",\"isPartOf\":{\"@id\":\"https:\\\/\\\/www.uesc-waldmichelbach.de\\\/uesc\\\/#website\"},\"primaryImageOfPage\":{\"@id\":\"https:\\\/\\\/www.uesc-waldmichelbach.de\\\/uesc\\\/09-12-23-der-uesc-wald-michelbach-erfuellt-die-pflicht\\\/#primaryimage\"},\"image\":{\"@id\":\"https:\\\/\\\/www.uesc-waldmichelbach.de\\\/uesc\\\/09-12-23-der-uesc-wald-michelbach-erfuellt-die-pflicht\\\/#primaryimage\"},\"thumbnailUrl\":\"https:\\\/\\\/www.uesc-waldmichelbach.de\\\/uesc\\\/wp-content\\\/uploads\\\/2023\\\/12\\\/UESC-Weihnachtsmarkt-Wald-Michelbach.jpg\",\"datePublished\":\"2023-12-13T08:15:29+00:00\",\"dateModified\":\"2023-12-13T08:16:39+00:00\",\"breadcrumb\":{\"@id\":\"https:\\\/\\\/www.uesc-waldmichelbach.de\\\/uesc\\\/09-12-23-der-uesc-wald-michelbach-erfuellt-die-pflicht\\\/#breadcrumb\"},\"inLanguage\":\"de\",\"potentialAction\":[{\"@type\":\"ReadAction\",\"target\":[\"https:\\\/\\\/www.uesc-waldmichelbach.de\\\/uesc\\\/09-12-23-der-uesc-wald-michelbach-erfuellt-die-pflicht\\\/\"]}]},{\"@type\":\"ImageObject\",\"inLanguage\":\"de\",\"@id\":\"https:\\\/\\\/www.uesc-waldmichelbach.de\\\/uesc\\\/09-12-23-der-uesc-wald-michelbach-erfuellt-die-pflicht\\\/#primaryimage\",\"url\":\"https:\\\/\\\/www.uesc-waldmichelbach.de\\\/uesc\\\/wp-content\\\/uploads\\\/2023\\\/12\\\/UESC-Weihnachtsmarkt-Wald-Michelbach.jpg\",\"contentUrl\":\"https:\\\/\\\/www.uesc-waldmichelbach.de\\\/uesc\\\/wp-content\\\/uploads\\\/2023\\\/12\\\/UESC-Weihnachtsmarkt-Wald-Michelbach.jpg\",\"width\":1673,\"height\":1267,\"caption\":\"Traditionsgem\u00e4\u00df besuchte der \u00dcSC den Wald-Michelbacher Weihnachtsmarkt am Wochenende.\"},{\"@type\":\"BreadcrumbList\",\"@id\":\"https:\\\/\\\/www.uesc-waldmichelbach.de\\\/uesc\\\/09-12-23-der-uesc-wald-michelbach-erfuellt-die-pflicht\\\/#breadcrumb\",\"itemListElement\":[{\"@type\":\"ListItem\",\"position\":1,\"name\":\"Startseite\",\"item\":\"https:\\\/\\\/www.uesc-waldmichelbach.de\\\/uesc\\\/\"},{\"@type\":\"ListItem\",\"position\":2,\"name\":\"09.12.23 &#8211; Der \u00dcSC Wald-Michelbach erf\u00fcllt die Pflicht\"}]},{\"@type\":\"WebSite\",\"@id\":\"https:\\\/\\\/www.uesc-waldmichelbach.de\\\/uesc\\\/#website\",\"url\":\"https:\\\/\\\/www.uesc-waldmichelbach.de\\\/uesc\\\/\",\"name\":\"\u00dcberw\u00e4lder Schulsportclub\",\"description\":\"\u00dcberw\u00e4lder Sportverein\",\"publisher\":{\"@id\":\"https:\\\/\\\/www.uesc-waldmichelbach.de\\\/uesc\\\/#organization\"},\"potentialAction\":[{\"@type\":\"SearchAction\",\"target\":{\"@type\":\"EntryPoint\",\"urlTemplate\":\"https:\\\/\\\/www.uesc-waldmichelbach.de\\\/uesc\\\/?s={search_term_string}\"},\"query-input\":{\"@type\":\"PropertyValueSpecification\",\"valueRequired\":true,\"valueName\":\"search_term_string\"}}],\"inLanguage\":\"de\"},{\"@type\":\"Organization\",\"@id\":\"https:\\\/\\\/www.uesc-waldmichelbach.de\\\/uesc\\\/#organization\",\"name\":\"\u00dcberw\u00e4lder Schulsportclub\",\"url\":\"https:\\\/\\\/www.uesc-waldmichelbach.de\\\/uesc\\\/\",\"logo\":{\"@type\":\"ImageObject\",\"inLanguage\":\"de\",\"@id\":\"https:\\\/\\\/www.uesc-waldmichelbach.de\\\/uesc\\\/#\\\/schema\\\/logo\\\/image\\\/\",\"url\":\"https:\\\/\\\/www.uesc-waldmichelbach.de\\\/uesc\\\/wp-content\\\/uploads\\\/2022\\\/10\\\/cropped-UeSC-Logo-Varianten.png\",\"contentUrl\":\"https:\\\/\\\/www.uesc-waldmichelbach.de\\\/uesc\\\/wp-content\\\/uploads\\\/2022\\\/10\\\/cropped-UeSC-Logo-Varianten.png\",\"width\":240,\"height\":258,\"caption\":\"\u00dcberw\u00e4lder Schulsportclub\"},\"image\":{\"@id\":\"https:\\\/\\\/www.uesc-waldmichelbach.de\\\/uesc\\\/#\\\/schema\\\/logo\\\/image\\\/\"},\"sameAs\":[\"https:\\\/\\\/www.facebook.com\\\/UESC.WaldMichelbach\",\"https:\\\/\\\/www.instagram.com\\\/uesc.wamiba\\\/\"]},{\"@type\":\"Person\",\"@id\":\"https:\\\/\\\/www.uesc-waldmichelbach.de\\\/uesc\\\/#\\\/schema\\\/person\\\/bcc819d7d59ff001ea06d76dd3a4dc33\",\"name\":\"Jenny Schmitt\",\"image\":{\"@type\":\"ImageObject\",\"inLanguage\":\"de\",\"@id\":\"https:\\\/\\\/secure.gravatar.com\\\/avatar\\\/fca45e91f95d2eb2e48f56c4ff588c847905f39815c8557467bc61eb32060936?s=96&d=mm&r=g\",\"url\":\"https:\\\/\\\/secure.gravatar.com\\\/avatar\\\/fca45e91f95d2eb2e48f56c4ff588c847905f39815c8557467bc61eb32060936?s=96&d=mm&r=g\",\"contentUrl\":\"https:\\\/\\\/secure.gravatar.com\\\/avatar\\\/fca45e91f95d2eb2e48f56c4ff588c847905f39815c8557467bc61eb32060936?s=96&d=mm&r=g\",\"caption\":\"Jenny Schmitt\"},\"url\":\"https:\\\/\\\/www.uesc-waldmichelbach.de\\\/uesc\\\/author\\\/jenny\\\/\"}]}<\/script>\n<!-- \/ Yoast SEO plugin. -->","yoast_head_json":{"title":"09.12.23 - Der \u00dcSC Wald-Michelbach erf\u00fcllt die Pflicht - \u00dcberw\u00e4lder Schulsportclub","robots":{"index":"index","follow":"follow","max-snippet":"max-snippet:-1","max-image-preview":"max-image-preview:large","max-video-preview":"max-video-preview:-1"},"canonical":"https:\/\/www.uesc-waldmichelbach.de\/uesc\/09-12-23-der-uesc-wald-michelbach-erfuellt-die-pflicht\/","og_locale":"de_DE","og_type":"article","og_title":"09.12.23 - Der \u00dcSC Wald-Michelbach erf\u00fcllt die Pflicht - \u00dcberw\u00e4lder Schulsportclub","og_description":"Volleyball: Die Gastgeber besiegen den Tabellenletzten TG Hausen, aber der Spitzenreiter SSG Langen ist wieder zu stark. Am ersten Heimspieltag der R\u00fcckrunde gewinnt der \u00dcSC Wald-Michelbach mit 3:1 gegen die TG Hausen und verliert im zweiten Spiel mit 0:3 gegen den SSG Langen. F\u00fcr die R\u00fcckrunde in der Bezirksoberliga S\u00fcd stehen Trainer Klieber mit Julia [&hellip;]","og_url":"https:\/\/www.uesc-waldmichelbach.de\/uesc\/09-12-23-der-uesc-wald-michelbach-erfuellt-die-pflicht\/","og_site_name":"\u00dcberw\u00e4lder Schulsportclub","article_publisher":"https:\/\/www.facebook.com\/UESC.WaldMichelbach","article_published_time":"2023-12-13T08:15:29+00:00","article_modified_time":"2023-12-13T08:16:39+00:00","og_image":[{"url":"https:\/\/www.uesc-waldmichelbach.de\/uesc\/wp-content\/uploads\/2023\/12\/UESC-Weihnachtsmarkt-Wald-Michelbach.jpg","type":"","width":"","height":""}],"author":"Jenny Schmitt","twitter_card":"summary_large_image","twitter_misc":{"Verfasst von":"Jenny Schmitt","Gesch\u00e4tzte Lesezeit":"2\u00a0Minuten"},"schema":{"@context":"https:\/\/schema.org","@graph":[{"@type":"Article","@id":"https:\/\/www.uesc-waldmichelbach.de\/uesc\/09-12-23-der-uesc-wald-michelbach-erfuellt-die-pflicht\/#article","isPartOf":{"@id":"https:\/\/www.uesc-waldmichelbach.de\/uesc\/09-12-23-der-uesc-wald-michelbach-erfuellt-die-pflicht\/"},"author":{"name":"Jenny Schmitt","@id":"https:\/\/www.uesc-waldmichelbach.de\/uesc\/#\/schema\/person\/bcc819d7d59ff001ea06d76dd3a4dc33"},"headline":"09.12.23 &#8211; Der \u00dcSC Wald-Michelbach erf\u00fcllt die Pflicht","datePublished":"2023-12-13T08:15:29+00:00","dateModified":"2023-12-13T08:16:39+00:00","mainEntityOfPage":{"@id":"https:\/\/www.uesc-waldmichelbach.de\/uesc\/09-12-23-der-uesc-wald-michelbach-erfuellt-die-pflicht\/"},"wordCount":446,"commentCount":0,"publisher":{"@id":"https:\/\/www.uesc-waldmichelbach.de\/uesc\/#organization"},"image":{"@id":"https:\/\/www.uesc-waldmichelbach.de\/uesc\/09-12-23-der-uesc-wald-michelbach-erfuellt-die-pflicht\/#primaryimage"},"thumbnailUrl":"https:\/\/www.uesc-waldmichelbach.de\/uesc\/wp-content\/uploads\/2023\/12\/UESC-Weihnachtsmarkt-Wald-Michelbach.jpg","inLanguage":"de","potentialAction":[{"@type":"CommentAction","name":"Comment","target":["https:\/\/www.uesc-waldmichelbach.de\/uesc\/09-12-23-der-uesc-wald-michelbach-erfuellt-die-pflicht\/#respond"]}]},{"@type":"WebPage","@id":"https:\/\/www.uesc-waldmichelbach.de\/uesc\/09-12-23-der-uesc-wald-michelbach-erfuellt-die-pflicht\/","url":"https:\/\/www.uesc-waldmichelbach.de\/uesc\/09-12-23-der-uesc-wald-michelbach-erfuellt-die-pflicht\/","name":"09.12.23 - Der \u00dcSC Wald-Michelbach erf\u00fcllt die Pflicht - \u00dcberw\u00e4lder Schulsportclub","isPartOf":{"@id":"https:\/\/www.uesc-waldmichelbach.de\/uesc\/#website"},"primaryImageOfPage":{"@id":"https:\/\/www.uesc-waldmichelbach.de\/uesc\/09-12-23-der-uesc-wald-michelbach-erfuellt-die-pflicht\/#primaryimage"},"image":{"@id":"https:\/\/www.uesc-waldmichelbach.de\/uesc\/09-12-23-der-uesc-wald-michelbach-erfuellt-die-pflicht\/#primaryimage"},"thumbnailUrl":"https:\/\/www.uesc-waldmichelbach.de\/uesc\/wp-content\/uploads\/2023\/12\/UESC-Weihnachtsmarkt-Wald-Michelbach.jpg","datePublished":"2023-12-13T08:15:29+00:00","dateModified":"2023-12-13T08:16:39+00:00","breadcrumb":{"@id":"https:\/\/www.uesc-waldmichelbach.de\/uesc\/09-12-23-der-uesc-wald-michelbach-erfuellt-die-pflicht\/#breadcrumb"},"inLanguage":"de","potentialAction":[{"@type":"ReadAction","target":["https:\/\/www.uesc-waldmichelbach.de\/uesc\/09-12-23-der-uesc-wald-michelbach-erfuellt-die-pflicht\/"]}]},{"@type":"ImageObject","inLanguage":"de","@id":"https:\/\/www.uesc-waldmichelbach.de\/uesc\/09-12-23-der-uesc-wald-michelbach-erfuellt-die-pflicht\/#primaryimage","url":"https:\/\/www.uesc-waldmichelbach.de\/uesc\/wp-content\/uploads\/2023\/12\/UESC-Weihnachtsmarkt-Wald-Michelbach.jpg","contentUrl":"https:\/\/www.uesc-waldmichelbach.de\/uesc\/wp-content\/uploads\/2023\/12\/UESC-Weihnachtsmarkt-Wald-Michelbach.jpg","width":1673,"height":1267,"caption":"Traditionsgem\u00e4\u00df besuchte der \u00dcSC den Wald-Michelbacher Weihnachtsmarkt am Wochenende."},{"@type":"BreadcrumbList","@id":"https:\/\/www.uesc-waldmichelbach.de\/uesc\/09-12-23-der-uesc-wald-michelbach-erfuellt-die-pflicht\/#breadcrumb","itemListElement":[{"@type":"ListItem","position":1,"name":"Startseite","item":"https:\/\/www.uesc-waldmichelbach.de\/uesc\/"},{"@type":"ListItem","position":2,"name":"09.12.23 &#8211; Der \u00dcSC Wald-Michelbach erf\u00fcllt die Pflicht"}]},{"@type":"WebSite","@id":"https:\/\/www.uesc-waldmichelbach.de\/uesc\/#website","url":"https:\/\/www.uesc-waldmichelbach.de\/uesc\/","name":"\u00dcberw\u00e4lder Schulsportclub","description":"\u00dcberw\u00e4lder Sportverein","publisher":{"@id":"https:\/\/www.uesc-waldmichelbach.de\/uesc\/#organization"},"potentialAction":[{"@type":"SearchAction","target":{"@type":"EntryPoint","urlTemplate":"https:\/\/www.uesc-waldmichelbach.de\/uesc\/?s={search_term_string}"},"query-input":{"@type":"PropertyValueSpecification","valueRequired":true,"valueName":"search_term_string"}}],"inLanguage":"de"},{"@type":"Organization","@id":"https:\/\/www.uesc-waldmichelbach.de\/uesc\/#organization","name":"\u00dcberw\u00e4lder Schulsportclub","url":"https:\/\/www.uesc-waldmichelbach.de\/uesc\/","logo":{"@type":"ImageObject","inLanguage":"de","@id":"https:\/\/www.uesc-waldmichelbach.de\/uesc\/#\/schema\/logo\/image\/","url":"https:\/\/www.uesc-waldmichelbach.de\/uesc\/wp-content\/uploads\/2022\/10\/cropped-UeSC-Logo-Varianten.png","contentUrl":"https:\/\/www.uesc-waldmichelbach.de\/uesc\/wp-content\/uploads\/2022\/10\/cropped-UeSC-Logo-Varianten.png","width":240,"height":258,"caption":"\u00dcberw\u00e4lder Schulsportclub"},"image":{"@id":"https:\/\/www.uesc-waldmichelbach.de\/uesc\/#\/schema\/logo\/image\/"},"sameAs":["https:\/\/www.facebook.com\/UESC.WaldMichelbach","https:\/\/www.instagram.com\/uesc.wamiba\/"]},{"@type":"Person","@id":"https:\/\/www.uesc-waldmichelbach.de\/uesc\/#\/schema\/person\/bcc819d7d59ff001ea06d76dd3a4dc33","name":"Jenny Schmitt","image":{"@type":"ImageObject","inLanguage":"de","@id":"https:\/\/secure.gravatar.com\/avatar\/fca45e91f95d2eb2e48f56c4ff588c847905f39815c8557467bc61eb32060936?s=96&d=mm&r=g","url":"https:\/\/secure.gravatar.com\/avatar\/fca45e91f95d2eb2e48f56c4ff588c847905f39815c8557467bc61eb32060936?s=96&d=mm&r=g","contentUrl":"https:\/\/secure.gravatar.com\/avatar\/fca45e91f95d2eb2e48f56c4ff588c847905f39815c8557467bc61eb32060936?s=96&d=mm&r=g","caption":"Jenny Schmitt"},"url":"https:\/\/www.uesc-waldmichelbach.de\/uesc\/author\/jenny\/"}]}},"_links":{"self":[{"href":"https:\/\/www.uesc-waldmichelbach.de\/uesc\/wp-json\/wp\/v2\/posts\/2193","targetHints":{"allow":["GET"]}}],"collection":[{"href":"https:\/\/www.uesc-waldmichelbach.de\/uesc\/wp-json\/wp\/v2\/posts"}],"about":[{"href":"https:\/\/www.uesc-waldmichelbach.de\/uesc\/wp-json\/wp\/v2\/types\/post"}],"author":[{"embeddable":true,"href":"https:\/\/www.uesc-waldmichelbach.de\/uesc\/wp-json\/wp\/v2\/users\/14"}],"replies":[{"embeddable":true,"href":"https:\/\/www.uesc-waldmichelbach.de\/uesc\/wp-json\/wp\/v2\/comments?post=2193"}],"version-history":[{"count":4,"href":"https:\/\/www.uesc-waldmichelbach.de\/uesc\/wp-json\/wp\/v2\/posts\/2193\/revisions"}],"predecessor-version":[{"id":2198,"href":"https:\/\/www.uesc-waldmichelbach.de\/uesc\/wp-json\/wp\/v2\/posts\/2193\/revisions\/2198"}],"wp:attachment":[{"href":"https:\/\/www.uesc-waldmichelbach.de\/uesc\/wp-json\/wp\/v2\/media?parent=2193"}],"wp:term":[{"taxonomy":"category","embeddable":true,"href":"https:\/\/www.uesc-waldmichelbach.de\/uesc\/wp-json\/wp\/v2\/categories?post=2193"},{"taxonomy":"post_tag","embeddable":true,"href":"https:\/\/www.uesc-waldmichelbach.de\/uesc\/wp-json\/wp\/v2\/tags?post=2193"}],"curies":[{"name":"wp","href":"https:\/\/api.w.org\/{rel}","templated":true}]}}