{"id":2182,"date":"2023-12-04T12:55:07","date_gmt":"2023-12-04T10:55:07","guid":{"rendered":"https:\/\/www.uesc-waldmichelbach.de\/uesc\/?p=2182"},"modified":"2023-12-04T12:55:53","modified_gmt":"2023-12-04T10:55:53","slug":"18-11-2023-ungewohnte-formation-ist-erfolgreich","status":"publish","type":"post","link":"https:\/\/www.uesc-waldmichelbach.de\/uesc\/18-11-2023-ungewohnte-formation-ist-erfolgreich\/","title":{"rendered":"18.11.2023 &#8211; Ungewohnte Formation ist erfolgreich"},"content":{"rendered":"<h5>Volleyball: \u00dcSC Wald-Michelbach verteidigt mit 3:0 Sieg gegen SG Ried-Volleys die Tabellenf\u00fchrung<\/h5>\n<p>Mit dem Ausw\u00e4rtssieg gegen die Aufsteiger VSG Ried-Volleys bleiben die Volleyballerinnen des \u00dcSC Wald-Michelbach an der Tabellenspitze. Das junge Team musste weiterhin auf Zuspielerin Sina Schmitt und Au\u00dfenangreiferin Emely Weigel verzichten. Auf Grund des d\u00fcnn besetzten Kaders musste Coach Michael Klieber einige Positionen neu besetzen.<\/p>\n<p>Trotz teilweise ungewohnter Formation gewannen die Bezirksoberligistinnen das Spiel 3:0. Im ersten Satz gelang es Katinka Pfaff durch souver\u00e4ne Ballverteilung im Zuspiel ihre Angreiferinnen in Szene zu setzen. Zo\u00e9 Schuhmann, die ihren ersten Spieleinsatz nach krankheitsbedingter Spielpause hatte, zeigte ihre St\u00e4rken im Mittelblock. Die \u00dcSC-Damen dominierten das Spiel, wodurch der erste Satz deutlich mit 25:16 gewonnen wurde.<\/p>\n<p>Im zweiten Satz f\u00fchrte Sabrina Kr\u00e4mer die Mannschaft durch eine Aufschlagserie mit 5 Punkten in F\u00fchrung. Doch Unaufmerksamkeit und Eigenfehler der Damen lie\u00dfen die VSG Ried-Volleys aufholen. Coach Klieber nahm bei dem R\u00fcckstand 15:17 eine Auszeit, um die Mannschaft zu motivieren. Das umk\u00e4mpfte Spiel konnte durch druckvolle Angriffe der Mannschaftsf\u00fchrerin Lisa Schmidt und Au\u00dfenangreiferin Celine Steinmann mit 25:22 gewonnen werden.<\/p>\n<p>Im dritten Satz nutzten die \u00dcSC Volleyballerinnen ihre St\u00e4rke im Aufschlag und setzten sich vom Gegner ab. Coach Klieber setzte den Neuzugang Andjela Gvero bei dem Punktestand 20:10 als Au\u00dfenangreiferin ein. Obwohl den Wald-Michelbacherinnen nur f\u00fcnf Punkte bis zum Sieg fehlten, k\u00e4mpften sich die Gegner noch einmal heran. Nach einer Auszeit des \u00dcSCs bei dem Punktestand 21:16 bewies die Annahme mehr Stabilit\u00e4t, wodurch gezielte Angriffe das Team zum 25:19 Sieg f\u00fchrten.<\/p>\n<p>Am kommenden Sonntag, den 26.11.2023, trifft der \u00dcSC Wald-Michelbach auf den Tabellendritten SSG Langen.<\/p>\n<p>\u00dcSC Wald-Michelbach: Gvero, Kr\u00e4mer, Pfaff, Schmidt, Scholl, Schuhmann, Steinmann, Wagner<\/p>\n","protected":false},"excerpt":{"rendered":"<p>Volleyball: \u00dcSC Wald-Michelbach verteidigt mit 3:0 Sieg gegen SG Ried-Volleys die Tabellenf\u00fchrung Mit dem Ausw\u00e4rtssieg gegen die Aufsteiger VSG Ried-Volleys bleiben die Volleyballerinnen des \u00dcSC Wald-Michelbach an der Tabellenspitze. Das junge Team musste weiterhin auf Zuspielerin Sina Schmitt und Au\u00dfenangreiferin Emely Weigel verzichten. Auf Grund des d\u00fcnn besetzten Kaders musste Coach Michael Klieber einige Positionen [&hellip;]<\/p>\n","protected":false},"author":14,"featured_media":0,"comment_status":"open","ping_status":"open","sticky":false,"template":"","format":"standard","meta":{"footnotes":""},"categories":[1],"tags":[],"class_list":["post-2182","post","type-post","status-publish","format-standard","hentry","category-allgemein"],"yoast_head":"<!-- This site is optimized with the Yoast SEO plugin v27.4 - https:\/\/yoast.com\/product\/yoast-seo-wordpress\/ -->\n<title>18.11.2023 - Ungewohnte Formation ist erfolgreich - \u00dcberw\u00e4lder Schulsportclub<\/title>\n<meta name=\"robots\" content=\"index, follow, max-snippet:-1, max-image-preview:large, max-video-preview:-1\" \/>\n<link rel=\"canonical\" href=\"https:\/\/www.uesc-waldmichelbach.de\/uesc\/18-11-2023-ungewohnte-formation-ist-erfolgreich\/\" \/>\n<meta property=\"og:locale\" content=\"de_DE\" \/>\n<meta property=\"og:type\" content=\"article\" \/>\n<meta property=\"og:title\" content=\"18.11.2023 - Ungewohnte Formation ist erfolgreich - \u00dcberw\u00e4lder Schulsportclub\" \/>\n<meta property=\"og:description\" content=\"Volleyball: \u00dcSC Wald-Michelbach verteidigt mit 3:0 Sieg gegen SG Ried-Volleys die Tabellenf\u00fchrung Mit dem Ausw\u00e4rtssieg gegen die Aufsteiger VSG Ried-Volleys bleiben die Volleyballerinnen des \u00dcSC Wald-Michelbach an der Tabellenspitze. Das junge Team musste weiterhin auf Zuspielerin Sina Schmitt und Au\u00dfenangreiferin Emely Weigel verzichten. Auf Grund des d\u00fcnn besetzten Kaders musste Coach Michael Klieber einige Positionen [&hellip;]\" \/>\n<meta property=\"og:url\" content=\"https:\/\/www.uesc-waldmichelbach.de\/uesc\/18-11-2023-ungewohnte-formation-ist-erfolgreich\/\" \/>\n<meta property=\"og:site_name\" content=\"\u00dcberw\u00e4lder Schulsportclub\" \/>\n<meta property=\"article:publisher\" content=\"https:\/\/www.facebook.com\/UESC.WaldMichelbach\" \/>\n<meta property=\"article:published_time\" content=\"2023-12-04T10:55:07+00:00\" \/>\n<meta property=\"article:modified_time\" content=\"2023-12-04T10:55:53+00:00\" \/>\n<meta name=\"author\" content=\"Jenny Schmitt\" \/>\n<meta name=\"twitter:card\" content=\"summary_large_image\" \/>\n<meta name=\"twitter:label1\" content=\"Verfasst von\" \/>\n\t<meta name=\"twitter:data1\" content=\"Jenny Schmitt\" \/>\n\t<meta name=\"twitter:label2\" content=\"Gesch\u00e4tzte Lesezeit\" \/>\n\t<meta name=\"twitter:data2\" content=\"1\u00a0Minute\" \/>\n<script type=\"application\/ld+json\" class=\"yoast-schema-graph\">{\"@context\":\"https:\\\/\\\/schema.org\",\"@graph\":[{\"@type\":\"Article\",\"@id\":\"https:\\\/\\\/www.uesc-waldmichelbach.de\\\/uesc\\\/18-11-2023-ungewohnte-formation-ist-erfolgreich\\\/#article\",\"isPartOf\":{\"@id\":\"https:\\\/\\\/www.uesc-waldmichelbach.de\\\/uesc\\\/18-11-2023-ungewohnte-formation-ist-erfolgreich\\\/\"},\"author\":{\"name\":\"Jenny Schmitt\",\"@id\":\"https:\\\/\\\/www.uesc-waldmichelbach.de\\\/uesc\\\/#\\\/schema\\\/person\\\/bcc819d7d59ff001ea06d76dd3a4dc33\"},\"headline\":\"18.11.2023 &#8211; Ungewohnte Formation ist erfolgreich\",\"datePublished\":\"2023-12-04T10:55:07+00:00\",\"dateModified\":\"2023-12-04T10:55:53+00:00\",\"mainEntityOfPage\":{\"@id\":\"https:\\\/\\\/www.uesc-waldmichelbach.de\\\/uesc\\\/18-11-2023-ungewohnte-formation-ist-erfolgreich\\\/\"},\"wordCount\":285,\"commentCount\":0,\"publisher\":{\"@id\":\"https:\\\/\\\/www.uesc-waldmichelbach.de\\\/uesc\\\/#organization\"},\"inLanguage\":\"de\",\"potentialAction\":[{\"@type\":\"CommentAction\",\"name\":\"Comment\",\"target\":[\"https:\\\/\\\/www.uesc-waldmichelbach.de\\\/uesc\\\/18-11-2023-ungewohnte-formation-ist-erfolgreich\\\/#respond\"]}]},{\"@type\":\"WebPage\",\"@id\":\"https:\\\/\\\/www.uesc-waldmichelbach.de\\\/uesc\\\/18-11-2023-ungewohnte-formation-ist-erfolgreich\\\/\",\"url\":\"https:\\\/\\\/www.uesc-waldmichelbach.de\\\/uesc\\\/18-11-2023-ungewohnte-formation-ist-erfolgreich\\\/\",\"name\":\"18.11.2023 - Ungewohnte Formation ist erfolgreich - \u00dcberw\u00e4lder Schulsportclub\",\"isPartOf\":{\"@id\":\"https:\\\/\\\/www.uesc-waldmichelbach.de\\\/uesc\\\/#website\"},\"datePublished\":\"2023-12-04T10:55:07+00:00\",\"dateModified\":\"2023-12-04T10:55:53+00:00\",\"breadcrumb\":{\"@id\":\"https:\\\/\\\/www.uesc-waldmichelbach.de\\\/uesc\\\/18-11-2023-ungewohnte-formation-ist-erfolgreich\\\/#breadcrumb\"},\"inLanguage\":\"de\",\"potentialAction\":[{\"@type\":\"ReadAction\",\"target\":[\"https:\\\/\\\/www.uesc-waldmichelbach.de\\\/uesc\\\/18-11-2023-ungewohnte-formation-ist-erfolgreich\\\/\"]}]},{\"@type\":\"BreadcrumbList\",\"@id\":\"https:\\\/\\\/www.uesc-waldmichelbach.de\\\/uesc\\\/18-11-2023-ungewohnte-formation-ist-erfolgreich\\\/#breadcrumb\",\"itemListElement\":[{\"@type\":\"ListItem\",\"position\":1,\"name\":\"Startseite\",\"item\":\"https:\\\/\\\/www.uesc-waldmichelbach.de\\\/uesc\\\/\"},{\"@type\":\"ListItem\",\"position\":2,\"name\":\"18.11.2023 &#8211; Ungewohnte Formation ist erfolgreich\"}]},{\"@type\":\"WebSite\",\"@id\":\"https:\\\/\\\/www.uesc-waldmichelbach.de\\\/uesc\\\/#website\",\"url\":\"https:\\\/\\\/www.uesc-waldmichelbach.de\\\/uesc\\\/\",\"name\":\"\u00dcberw\u00e4lder Schulsportclub\",\"description\":\"\u00dcberw\u00e4lder Sportverein\",\"publisher\":{\"@id\":\"https:\\\/\\\/www.uesc-waldmichelbach.de\\\/uesc\\\/#organization\"},\"potentialAction\":[{\"@type\":\"SearchAction\",\"target\":{\"@type\":\"EntryPoint\",\"urlTemplate\":\"https:\\\/\\\/www.uesc-waldmichelbach.de\\\/uesc\\\/?s={search_term_string}\"},\"query-input\":{\"@type\":\"PropertyValueSpecification\",\"valueRequired\":true,\"valueName\":\"search_term_string\"}}],\"inLanguage\":\"de\"},{\"@type\":\"Organization\",\"@id\":\"https:\\\/\\\/www.uesc-waldmichelbach.de\\\/uesc\\\/#organization\",\"name\":\"\u00dcberw\u00e4lder Schulsportclub\",\"url\":\"https:\\\/\\\/www.uesc-waldmichelbach.de\\\/uesc\\\/\",\"logo\":{\"@type\":\"ImageObject\",\"inLanguage\":\"de\",\"@id\":\"https:\\\/\\\/www.uesc-waldmichelbach.de\\\/uesc\\\/#\\\/schema\\\/logo\\\/image\\\/\",\"url\":\"https:\\\/\\\/www.uesc-waldmichelbach.de\\\/uesc\\\/wp-content\\\/uploads\\\/2022\\\/10\\\/cropped-UeSC-Logo-Varianten.png\",\"contentUrl\":\"https:\\\/\\\/www.uesc-waldmichelbach.de\\\/uesc\\\/wp-content\\\/uploads\\\/2022\\\/10\\\/cropped-UeSC-Logo-Varianten.png\",\"width\":240,\"height\":258,\"caption\":\"\u00dcberw\u00e4lder Schulsportclub\"},\"image\":{\"@id\":\"https:\\\/\\\/www.uesc-waldmichelbach.de\\\/uesc\\\/#\\\/schema\\\/logo\\\/image\\\/\"},\"sameAs\":[\"https:\\\/\\\/www.facebook.com\\\/UESC.WaldMichelbach\",\"https:\\\/\\\/www.instagram.com\\\/uesc.wamiba\\\/\"]},{\"@type\":\"Person\",\"@id\":\"https:\\\/\\\/www.uesc-waldmichelbach.de\\\/uesc\\\/#\\\/schema\\\/person\\\/bcc819d7d59ff001ea06d76dd3a4dc33\",\"name\":\"Jenny Schmitt\",\"image\":{\"@type\":\"ImageObject\",\"inLanguage\":\"de\",\"@id\":\"https:\\\/\\\/secure.gravatar.com\\\/avatar\\\/fca45e91f95d2eb2e48f56c4ff588c847905f39815c8557467bc61eb32060936?s=96&d=mm&r=g\",\"url\":\"https:\\\/\\\/secure.gravatar.com\\\/avatar\\\/fca45e91f95d2eb2e48f56c4ff588c847905f39815c8557467bc61eb32060936?s=96&d=mm&r=g\",\"contentUrl\":\"https:\\\/\\\/secure.gravatar.com\\\/avatar\\\/fca45e91f95d2eb2e48f56c4ff588c847905f39815c8557467bc61eb32060936?s=96&d=mm&r=g\",\"caption\":\"Jenny Schmitt\"},\"url\":\"https:\\\/\\\/www.uesc-waldmichelbach.de\\\/uesc\\\/author\\\/jenny\\\/\"}]}<\/script>\n<!-- \/ Yoast SEO plugin. -->","yoast_head_json":{"title":"18.11.2023 - Ungewohnte Formation ist erfolgreich - \u00dcberw\u00e4lder Schulsportclub","robots":{"index":"index","follow":"follow","max-snippet":"max-snippet:-1","max-image-preview":"max-image-preview:large","max-video-preview":"max-video-preview:-1"},"canonical":"https:\/\/www.uesc-waldmichelbach.de\/uesc\/18-11-2023-ungewohnte-formation-ist-erfolgreich\/","og_locale":"de_DE","og_type":"article","og_title":"18.11.2023 - Ungewohnte Formation ist erfolgreich - \u00dcberw\u00e4lder Schulsportclub","og_description":"Volleyball: \u00dcSC Wald-Michelbach verteidigt mit 3:0 Sieg gegen SG Ried-Volleys die Tabellenf\u00fchrung Mit dem Ausw\u00e4rtssieg gegen die Aufsteiger VSG Ried-Volleys bleiben die Volleyballerinnen des \u00dcSC Wald-Michelbach an der Tabellenspitze. Das junge Team musste weiterhin auf Zuspielerin Sina Schmitt und Au\u00dfenangreiferin Emely Weigel verzichten. Auf Grund des d\u00fcnn besetzten Kaders musste Coach Michael Klieber einige Positionen [&hellip;]","og_url":"https:\/\/www.uesc-waldmichelbach.de\/uesc\/18-11-2023-ungewohnte-formation-ist-erfolgreich\/","og_site_name":"\u00dcberw\u00e4lder Schulsportclub","article_publisher":"https:\/\/www.facebook.com\/UESC.WaldMichelbach","article_published_time":"2023-12-04T10:55:07+00:00","article_modified_time":"2023-12-04T10:55:53+00:00","author":"Jenny Schmitt","twitter_card":"summary_large_image","twitter_misc":{"Verfasst von":"Jenny Schmitt","Gesch\u00e4tzte Lesezeit":"1\u00a0Minute"},"schema":{"@context":"https:\/\/schema.org","@graph":[{"@type":"Article","@id":"https:\/\/www.uesc-waldmichelbach.de\/uesc\/18-11-2023-ungewohnte-formation-ist-erfolgreich\/#article","isPartOf":{"@id":"https:\/\/www.uesc-waldmichelbach.de\/uesc\/18-11-2023-ungewohnte-formation-ist-erfolgreich\/"},"author":{"name":"Jenny Schmitt","@id":"https:\/\/www.uesc-waldmichelbach.de\/uesc\/#\/schema\/person\/bcc819d7d59ff001ea06d76dd3a4dc33"},"headline":"18.11.2023 &#8211; Ungewohnte Formation ist erfolgreich","datePublished":"2023-12-04T10:55:07+00:00","dateModified":"2023-12-04T10:55:53+00:00","mainEntityOfPage":{"@id":"https:\/\/www.uesc-waldmichelbach.de\/uesc\/18-11-2023-ungewohnte-formation-ist-erfolgreich\/"},"wordCount":285,"commentCount":0,"publisher":{"@id":"https:\/\/www.uesc-waldmichelbach.de\/uesc\/#organization"},"inLanguage":"de","potentialAction":[{"@type":"CommentAction","name":"Comment","target":["https:\/\/www.uesc-waldmichelbach.de\/uesc\/18-11-2023-ungewohnte-formation-ist-erfolgreich\/#respond"]}]},{"@type":"WebPage","@id":"https:\/\/www.uesc-waldmichelbach.de\/uesc\/18-11-2023-ungewohnte-formation-ist-erfolgreich\/","url":"https:\/\/www.uesc-waldmichelbach.de\/uesc\/18-11-2023-ungewohnte-formation-ist-erfolgreich\/","name":"18.11.2023 - Ungewohnte Formation ist erfolgreich - \u00dcberw\u00e4lder Schulsportclub","isPartOf":{"@id":"https:\/\/www.uesc-waldmichelbach.de\/uesc\/#website"},"datePublished":"2023-12-04T10:55:07+00:00","dateModified":"2023-12-04T10:55:53+00:00","breadcrumb":{"@id":"https:\/\/www.uesc-waldmichelbach.de\/uesc\/18-11-2023-ungewohnte-formation-ist-erfolgreich\/#breadcrumb"},"inLanguage":"de","potentialAction":[{"@type":"ReadAction","target":["https:\/\/www.uesc-waldmichelbach.de\/uesc\/18-11-2023-ungewohnte-formation-ist-erfolgreich\/"]}]},{"@type":"BreadcrumbList","@id":"https:\/\/www.uesc-waldmichelbach.de\/uesc\/18-11-2023-ungewohnte-formation-ist-erfolgreich\/#breadcrumb","itemListElement":[{"@type":"ListItem","position":1,"name":"Startseite","item":"https:\/\/www.uesc-waldmichelbach.de\/uesc\/"},{"@type":"ListItem","position":2,"name":"18.11.2023 &#8211; Ungewohnte Formation ist erfolgreich"}]},{"@type":"WebSite","@id":"https:\/\/www.uesc-waldmichelbach.de\/uesc\/#website","url":"https:\/\/www.uesc-waldmichelbach.de\/uesc\/","name":"\u00dcberw\u00e4lder Schulsportclub","description":"\u00dcberw\u00e4lder Sportverein","publisher":{"@id":"https:\/\/www.uesc-waldmichelbach.de\/uesc\/#organization"},"potentialAction":[{"@type":"SearchAction","target":{"@type":"EntryPoint","urlTemplate":"https:\/\/www.uesc-waldmichelbach.de\/uesc\/?s={search_term_string}"},"query-input":{"@type":"PropertyValueSpecification","valueRequired":true,"valueName":"search_term_string"}}],"inLanguage":"de"},{"@type":"Organization","@id":"https:\/\/www.uesc-waldmichelbach.de\/uesc\/#organization","name":"\u00dcberw\u00e4lder Schulsportclub","url":"https:\/\/www.uesc-waldmichelbach.de\/uesc\/","logo":{"@type":"ImageObject","inLanguage":"de","@id":"https:\/\/www.uesc-waldmichelbach.de\/uesc\/#\/schema\/logo\/image\/","url":"https:\/\/www.uesc-waldmichelbach.de\/uesc\/wp-content\/uploads\/2022\/10\/cropped-UeSC-Logo-Varianten.png","contentUrl":"https:\/\/www.uesc-waldmichelbach.de\/uesc\/wp-content\/uploads\/2022\/10\/cropped-UeSC-Logo-Varianten.png","width":240,"height":258,"caption":"\u00dcberw\u00e4lder Schulsportclub"},"image":{"@id":"https:\/\/www.uesc-waldmichelbach.de\/uesc\/#\/schema\/logo\/image\/"},"sameAs":["https:\/\/www.facebook.com\/UESC.WaldMichelbach","https:\/\/www.instagram.com\/uesc.wamiba\/"]},{"@type":"Person","@id":"https:\/\/www.uesc-waldmichelbach.de\/uesc\/#\/schema\/person\/bcc819d7d59ff001ea06d76dd3a4dc33","name":"Jenny Schmitt","image":{"@type":"ImageObject","inLanguage":"de","@id":"https:\/\/secure.gravatar.com\/avatar\/fca45e91f95d2eb2e48f56c4ff588c847905f39815c8557467bc61eb32060936?s=96&d=mm&r=g","url":"https:\/\/secure.gravatar.com\/avatar\/fca45e91f95d2eb2e48f56c4ff588c847905f39815c8557467bc61eb32060936?s=96&d=mm&r=g","contentUrl":"https:\/\/secure.gravatar.com\/avatar\/fca45e91f95d2eb2e48f56c4ff588c847905f39815c8557467bc61eb32060936?s=96&d=mm&r=g","caption":"Jenny Schmitt"},"url":"https:\/\/www.uesc-waldmichelbach.de\/uesc\/author\/jenny\/"}]}},"_links":{"self":[{"href":"https:\/\/www.uesc-waldmichelbach.de\/uesc\/wp-json\/wp\/v2\/posts\/2182","targetHints":{"allow":["GET"]}}],"collection":[{"href":"https:\/\/www.uesc-waldmichelbach.de\/uesc\/wp-json\/wp\/v2\/posts"}],"about":[{"href":"https:\/\/www.uesc-waldmichelbach.de\/uesc\/wp-json\/wp\/v2\/types\/post"}],"author":[{"embeddable":true,"href":"https:\/\/www.uesc-waldmichelbach.de\/uesc\/wp-json\/wp\/v2\/users\/14"}],"replies":[{"embeddable":true,"href":"https:\/\/www.uesc-waldmichelbach.de\/uesc\/wp-json\/wp\/v2\/comments?post=2182"}],"version-history":[{"count":2,"href":"https:\/\/www.uesc-waldmichelbach.de\/uesc\/wp-json\/wp\/v2\/posts\/2182\/revisions"}],"predecessor-version":[{"id":2185,"href":"https:\/\/www.uesc-waldmichelbach.de\/uesc\/wp-json\/wp\/v2\/posts\/2182\/revisions\/2185"}],"wp:attachment":[{"href":"https:\/\/www.uesc-waldmichelbach.de\/uesc\/wp-json\/wp\/v2\/media?parent=2182"}],"wp:term":[{"taxonomy":"category","embeddable":true,"href":"https:\/\/www.uesc-waldmichelbach.de\/uesc\/wp-json\/wp\/v2\/categories?post=2182"},{"taxonomy":"post_tag","embeddable":true,"href":"https:\/\/www.uesc-waldmichelbach.de\/uesc\/wp-json\/wp\/v2\/tags?post=2182"}],"curies":[{"name":"wp","href":"https:\/\/api.w.org\/{rel}","templated":true}]}}