{"id":2123,"date":"2023-09-23T04:46:17","date_gmt":"2023-09-23T02:46:17","guid":{"rendered":"https:\/\/www.uesc-waldmichelbach.de\/uesc\/?p=2123"},"modified":"2023-09-23T04:46:18","modified_gmt":"2023-09-23T02:46:18","slug":"damen-1-wollen-beim-ersten-heimspiel-ihr-potential-abrufen","status":"publish","type":"post","link":"https:\/\/www.uesc-waldmichelbach.de\/uesc\/damen-1-wollen-beim-ersten-heimspiel-ihr-potential-abrufen\/","title":{"rendered":"Damen 1 wollen beim ersten Heimspiel ihr Potential abrufen"},"content":{"rendered":"\n<p>Am kommenden Sonntag, den 24. September 2023 begr\u00fc\u00dft die erste Volleyball-Damenmannschaft des \u00dcSC Wald-Michelbach zum ersten Spieltag der Saison 2023\/24 als G\u00e4ste im ersten Spiel die Damen des DSW Darmstadt 2 und anschlie\u00dfend den TV Dreieichenhain.<\/p>\n\n\n\n<p>Gespielt wird in der Wald-Michelbacher Grundschulhalle der Adam-Karrillon-Schule. Anpfiff des ersten Spiels ist um 11:00 Uhr, das zweite beginnt um ca. 13:30Uhr. F\u00fcr Essen und Trinken ist gesorgt!<\/p>\n\n\n\n<p>Das junge \u00dcSC-Team hofft darauf, direkt die ersten Punkte zu sammeln. Beim Vorbereitungsturnier in Griesheim konnte man sich bis ins Finale k\u00e4mpfen, das Potential ist vorhanden. Leider laufen die \u00dcberw\u00e4lderinnen zum Saisonstart in d\u00fcnner Besetzung auf, da einige Spielerinnen weiterhin verletzungsbedingt ausfallen. Die erfahrene Annahme\/Au\u00dfen Spielerin Jennifer Schmitt plant, sp\u00e4testens in der R\u00fcckrunde wieder einsatzf\u00e4hig zu sein. Die jungen Nachwuchsspielerinnen Celine Steinmann, Emely Weigel, Kristin Scholl und Alicia Wagner (Jahrgang 2006, 2007 und 2x 2004) werden auch diese Saison ihr K\u00f6nnen unter Beweis stellen. Mit Lisa Schmidt (Diagonalangriff) und Sabrina Kr\u00e4mer (Mittelblock) darf man sich auf sehenswerte Angriffe freuen. Potentiell m\u00fcssen aufgrund der Personalsituation aber alle Spielerinnen bereit sein, ihre Position zu wechseln. Dies wird eine echte Herausforderung, so Coach Michael Klieber. Als zweite Zuspielerin neben Mannschaftskapit\u00e4nin Sina Schmitt ist au\u00dferdem Katinka Pfaff zum Team hinzugesto\u00dfen, die sich auf ihren ersten Einsatz freut.<\/p>\n\n\n\n<p>Auf allen Positionen k\u00f6nnte das Team noch verst\u00e4rkt werden und freut sich jederzeit auf neue Spielerinnen. Wer Interesse hat, kann im Training vorbeikommen. Die Damen trainieren immer mittwochs (19.45-21.45Uhr) und freitags 18.30-20.30Uhr) in der Adam-Karrillon-Schule.<\/p>\n\n\n\n<p>Wer Interesse am Volleyball hat, kann sich gerne bei Jugendwartin Sabrina Kr\u00e4mer melden (sabrinakraemer@freenet.de). Der Verein sucht auch im Nachwuchs sportbegeisterte Jungs und M\u00e4dchen zwischen 10 und 18 Jahren.<\/p>\n","protected":false},"excerpt":{"rendered":"<p>Am kommenden Sonntag, den 24. September 2023 begr\u00fc\u00dft die erste Volleyball-Damenmannschaft des \u00dcSC Wald-Michelbach zum ersten Spieltag der Saison 2023\/24 als G\u00e4ste im ersten Spiel die Damen des DSW Darmstadt 2 und anschlie\u00dfend den TV Dreieichenhain. Gespielt wird in der Wald-Michelbacher Grundschulhalle der Adam-Karrillon-Schule. Anpfiff des ersten Spiels ist um 11:00 Uhr, das zweite beginnt [&hellip;]<\/p>\n","protected":false},"author":15,"featured_media":0,"comment_status":"open","ping_status":"open","sticky":false,"template":"","format":"standard","meta":{"footnotes":""},"categories":[1],"tags":[],"class_list":["post-2123","post","type-post","status-publish","format-standard","hentry","category-allgemein"],"yoast_head":"<!-- This site is optimized with the Yoast SEO plugin v27.4 - https:\/\/yoast.com\/product\/yoast-seo-wordpress\/ -->\n<title>Damen 1 wollen beim ersten Heimspiel ihr Potential abrufen - \u00dcberw\u00e4lder Schulsportclub<\/title>\n<meta name=\"robots\" content=\"index, follow, max-snippet:-1, max-image-preview:large, max-video-preview:-1\" \/>\n<link rel=\"canonical\" href=\"https:\/\/www.uesc-waldmichelbach.de\/uesc\/damen-1-wollen-beim-ersten-heimspiel-ihr-potential-abrufen\/\" \/>\n<meta property=\"og:locale\" content=\"de_DE\" \/>\n<meta property=\"og:type\" content=\"article\" \/>\n<meta property=\"og:title\" content=\"Damen 1 wollen beim ersten Heimspiel ihr Potential abrufen - \u00dcberw\u00e4lder Schulsportclub\" \/>\n<meta property=\"og:description\" content=\"Am kommenden Sonntag, den 24. September 2023 begr\u00fc\u00dft die erste Volleyball-Damenmannschaft des \u00dcSC Wald-Michelbach zum ersten Spieltag der Saison 2023\/24 als G\u00e4ste im ersten Spiel die Damen des DSW Darmstadt 2 und anschlie\u00dfend den TV Dreieichenhain. Gespielt wird in der Wald-Michelbacher Grundschulhalle der Adam-Karrillon-Schule. Anpfiff des ersten Spiels ist um 11:00 Uhr, das zweite beginnt [&hellip;]\" \/>\n<meta property=\"og:url\" content=\"https:\/\/www.uesc-waldmichelbach.de\/uesc\/damen-1-wollen-beim-ersten-heimspiel-ihr-potential-abrufen\/\" \/>\n<meta property=\"og:site_name\" content=\"\u00dcberw\u00e4lder Schulsportclub\" \/>\n<meta property=\"article:publisher\" content=\"https:\/\/www.facebook.com\/UESC.WaldMichelbach\" \/>\n<meta property=\"article:published_time\" content=\"2023-09-23T02:46:17+00:00\" \/>\n<meta property=\"article:modified_time\" content=\"2023-09-23T02:46:18+00:00\" \/>\n<meta name=\"author\" content=\"Alex\" \/>\n<meta name=\"twitter:card\" content=\"summary_large_image\" \/>\n<meta name=\"twitter:label1\" content=\"Verfasst von\" \/>\n\t<meta name=\"twitter:data1\" content=\"Alex\" \/>\n\t<meta name=\"twitter:label2\" content=\"Gesch\u00e4tzte Lesezeit\" \/>\n\t<meta name=\"twitter:data2\" content=\"1\u00a0Minute\" \/>\n<script type=\"application\/ld+json\" class=\"yoast-schema-graph\">{\"@context\":\"https:\\\/\\\/schema.org\",\"@graph\":[{\"@type\":\"Article\",\"@id\":\"https:\\\/\\\/www.uesc-waldmichelbach.de\\\/uesc\\\/damen-1-wollen-beim-ersten-heimspiel-ihr-potential-abrufen\\\/#article\",\"isPartOf\":{\"@id\":\"https:\\\/\\\/www.uesc-waldmichelbach.de\\\/uesc\\\/damen-1-wollen-beim-ersten-heimspiel-ihr-potential-abrufen\\\/\"},\"author\":{\"name\":\"Alex\",\"@id\":\"https:\\\/\\\/www.uesc-waldmichelbach.de\\\/uesc\\\/#\\\/schema\\\/person\\\/0862c037380cdd1b16a6b861ca22240c\"},\"headline\":\"Damen 1 wollen beim ersten Heimspiel ihr Potential abrufen\",\"datePublished\":\"2023-09-23T02:46:17+00:00\",\"dateModified\":\"2023-09-23T02:46:18+00:00\",\"mainEntityOfPage\":{\"@id\":\"https:\\\/\\\/www.uesc-waldmichelbach.de\\\/uesc\\\/damen-1-wollen-beim-ersten-heimspiel-ihr-potential-abrufen\\\/\"},\"wordCount\":295,\"commentCount\":0,\"publisher\":{\"@id\":\"https:\\\/\\\/www.uesc-waldmichelbach.de\\\/uesc\\\/#organization\"},\"inLanguage\":\"de\",\"potentialAction\":[{\"@type\":\"CommentAction\",\"name\":\"Comment\",\"target\":[\"https:\\\/\\\/www.uesc-waldmichelbach.de\\\/uesc\\\/damen-1-wollen-beim-ersten-heimspiel-ihr-potential-abrufen\\\/#respond\"]}]},{\"@type\":\"WebPage\",\"@id\":\"https:\\\/\\\/www.uesc-waldmichelbach.de\\\/uesc\\\/damen-1-wollen-beim-ersten-heimspiel-ihr-potential-abrufen\\\/\",\"url\":\"https:\\\/\\\/www.uesc-waldmichelbach.de\\\/uesc\\\/damen-1-wollen-beim-ersten-heimspiel-ihr-potential-abrufen\\\/\",\"name\":\"Damen 1 wollen beim ersten Heimspiel ihr Potential abrufen - \u00dcberw\u00e4lder Schulsportclub\",\"isPartOf\":{\"@id\":\"https:\\\/\\\/www.uesc-waldmichelbach.de\\\/uesc\\\/#website\"},\"datePublished\":\"2023-09-23T02:46:17+00:00\",\"dateModified\":\"2023-09-23T02:46:18+00:00\",\"breadcrumb\":{\"@id\":\"https:\\\/\\\/www.uesc-waldmichelbach.de\\\/uesc\\\/damen-1-wollen-beim-ersten-heimspiel-ihr-potential-abrufen\\\/#breadcrumb\"},\"inLanguage\":\"de\",\"potentialAction\":[{\"@type\":\"ReadAction\",\"target\":[\"https:\\\/\\\/www.uesc-waldmichelbach.de\\\/uesc\\\/damen-1-wollen-beim-ersten-heimspiel-ihr-potential-abrufen\\\/\"]}]},{\"@type\":\"BreadcrumbList\",\"@id\":\"https:\\\/\\\/www.uesc-waldmichelbach.de\\\/uesc\\\/damen-1-wollen-beim-ersten-heimspiel-ihr-potential-abrufen\\\/#breadcrumb\",\"itemListElement\":[{\"@type\":\"ListItem\",\"position\":1,\"name\":\"Startseite\",\"item\":\"https:\\\/\\\/www.uesc-waldmichelbach.de\\\/uesc\\\/\"},{\"@type\":\"ListItem\",\"position\":2,\"name\":\"Damen 1 wollen beim ersten Heimspiel ihr Potential abrufen\"}]},{\"@type\":\"WebSite\",\"@id\":\"https:\\\/\\\/www.uesc-waldmichelbach.de\\\/uesc\\\/#website\",\"url\":\"https:\\\/\\\/www.uesc-waldmichelbach.de\\\/uesc\\\/\",\"name\":\"\u00dcberw\u00e4lder Schulsportclub\",\"description\":\"\u00dcberw\u00e4lder Sportverein\",\"publisher\":{\"@id\":\"https:\\\/\\\/www.uesc-waldmichelbach.de\\\/uesc\\\/#organization\"},\"potentialAction\":[{\"@type\":\"SearchAction\",\"target\":{\"@type\":\"EntryPoint\",\"urlTemplate\":\"https:\\\/\\\/www.uesc-waldmichelbach.de\\\/uesc\\\/?s={search_term_string}\"},\"query-input\":{\"@type\":\"PropertyValueSpecification\",\"valueRequired\":true,\"valueName\":\"search_term_string\"}}],\"inLanguage\":\"de\"},{\"@type\":\"Organization\",\"@id\":\"https:\\\/\\\/www.uesc-waldmichelbach.de\\\/uesc\\\/#organization\",\"name\":\"\u00dcberw\u00e4lder Schulsportclub\",\"url\":\"https:\\\/\\\/www.uesc-waldmichelbach.de\\\/uesc\\\/\",\"logo\":{\"@type\":\"ImageObject\",\"inLanguage\":\"de\",\"@id\":\"https:\\\/\\\/www.uesc-waldmichelbach.de\\\/uesc\\\/#\\\/schema\\\/logo\\\/image\\\/\",\"url\":\"https:\\\/\\\/www.uesc-waldmichelbach.de\\\/uesc\\\/wp-content\\\/uploads\\\/2022\\\/10\\\/cropped-UeSC-Logo-Varianten.png\",\"contentUrl\":\"https:\\\/\\\/www.uesc-waldmichelbach.de\\\/uesc\\\/wp-content\\\/uploads\\\/2022\\\/10\\\/cropped-UeSC-Logo-Varianten.png\",\"width\":240,\"height\":258,\"caption\":\"\u00dcberw\u00e4lder Schulsportclub\"},\"image\":{\"@id\":\"https:\\\/\\\/www.uesc-waldmichelbach.de\\\/uesc\\\/#\\\/schema\\\/logo\\\/image\\\/\"},\"sameAs\":[\"https:\\\/\\\/www.facebook.com\\\/UESC.WaldMichelbach\",\"https:\\\/\\\/www.instagram.com\\\/uesc.wamiba\\\/\"]},{\"@type\":\"Person\",\"@id\":\"https:\\\/\\\/www.uesc-waldmichelbach.de\\\/uesc\\\/#\\\/schema\\\/person\\\/0862c037380cdd1b16a6b861ca22240c\",\"name\":\"Alex\",\"image\":{\"@type\":\"ImageObject\",\"inLanguage\":\"de\",\"@id\":\"https:\\\/\\\/secure.gravatar.com\\\/avatar\\\/b81a8b18341cd19c45411e7cc090f633fbbb14af4000c535ca12a04da2db2c76?s=96&d=mm&r=g\",\"url\":\"https:\\\/\\\/secure.gravatar.com\\\/avatar\\\/b81a8b18341cd19c45411e7cc090f633fbbb14af4000c535ca12a04da2db2c76?s=96&d=mm&r=g\",\"contentUrl\":\"https:\\\/\\\/secure.gravatar.com\\\/avatar\\\/b81a8b18341cd19c45411e7cc090f633fbbb14af4000c535ca12a04da2db2c76?s=96&d=mm&r=g\",\"caption\":\"Alex\"},\"url\":\"https:\\\/\\\/www.uesc-waldmichelbach.de\\\/uesc\\\/author\\\/alex\\\/\"}]}<\/script>\n<!-- \/ Yoast SEO plugin. -->","yoast_head_json":{"title":"Damen 1 wollen beim ersten Heimspiel ihr Potential abrufen - \u00dcberw\u00e4lder Schulsportclub","robots":{"index":"index","follow":"follow","max-snippet":"max-snippet:-1","max-image-preview":"max-image-preview:large","max-video-preview":"max-video-preview:-1"},"canonical":"https:\/\/www.uesc-waldmichelbach.de\/uesc\/damen-1-wollen-beim-ersten-heimspiel-ihr-potential-abrufen\/","og_locale":"de_DE","og_type":"article","og_title":"Damen 1 wollen beim ersten Heimspiel ihr Potential abrufen - \u00dcberw\u00e4lder Schulsportclub","og_description":"Am kommenden Sonntag, den 24. September 2023 begr\u00fc\u00dft die erste Volleyball-Damenmannschaft des \u00dcSC Wald-Michelbach zum ersten Spieltag der Saison 2023\/24 als G\u00e4ste im ersten Spiel die Damen des DSW Darmstadt 2 und anschlie\u00dfend den TV Dreieichenhain. Gespielt wird in der Wald-Michelbacher Grundschulhalle der Adam-Karrillon-Schule. Anpfiff des ersten Spiels ist um 11:00 Uhr, das zweite beginnt [&hellip;]","og_url":"https:\/\/www.uesc-waldmichelbach.de\/uesc\/damen-1-wollen-beim-ersten-heimspiel-ihr-potential-abrufen\/","og_site_name":"\u00dcberw\u00e4lder Schulsportclub","article_publisher":"https:\/\/www.facebook.com\/UESC.WaldMichelbach","article_published_time":"2023-09-23T02:46:17+00:00","article_modified_time":"2023-09-23T02:46:18+00:00","author":"Alex","twitter_card":"summary_large_image","twitter_misc":{"Verfasst von":"Alex","Gesch\u00e4tzte Lesezeit":"1\u00a0Minute"},"schema":{"@context":"https:\/\/schema.org","@graph":[{"@type":"Article","@id":"https:\/\/www.uesc-waldmichelbach.de\/uesc\/damen-1-wollen-beim-ersten-heimspiel-ihr-potential-abrufen\/#article","isPartOf":{"@id":"https:\/\/www.uesc-waldmichelbach.de\/uesc\/damen-1-wollen-beim-ersten-heimspiel-ihr-potential-abrufen\/"},"author":{"name":"Alex","@id":"https:\/\/www.uesc-waldmichelbach.de\/uesc\/#\/schema\/person\/0862c037380cdd1b16a6b861ca22240c"},"headline":"Damen 1 wollen beim ersten Heimspiel ihr Potential abrufen","datePublished":"2023-09-23T02:46:17+00:00","dateModified":"2023-09-23T02:46:18+00:00","mainEntityOfPage":{"@id":"https:\/\/www.uesc-waldmichelbach.de\/uesc\/damen-1-wollen-beim-ersten-heimspiel-ihr-potential-abrufen\/"},"wordCount":295,"commentCount":0,"publisher":{"@id":"https:\/\/www.uesc-waldmichelbach.de\/uesc\/#organization"},"inLanguage":"de","potentialAction":[{"@type":"CommentAction","name":"Comment","target":["https:\/\/www.uesc-waldmichelbach.de\/uesc\/damen-1-wollen-beim-ersten-heimspiel-ihr-potential-abrufen\/#respond"]}]},{"@type":"WebPage","@id":"https:\/\/www.uesc-waldmichelbach.de\/uesc\/damen-1-wollen-beim-ersten-heimspiel-ihr-potential-abrufen\/","url":"https:\/\/www.uesc-waldmichelbach.de\/uesc\/damen-1-wollen-beim-ersten-heimspiel-ihr-potential-abrufen\/","name":"Damen 1 wollen beim ersten Heimspiel ihr Potential abrufen - \u00dcberw\u00e4lder Schulsportclub","isPartOf":{"@id":"https:\/\/www.uesc-waldmichelbach.de\/uesc\/#website"},"datePublished":"2023-09-23T02:46:17+00:00","dateModified":"2023-09-23T02:46:18+00:00","breadcrumb":{"@id":"https:\/\/www.uesc-waldmichelbach.de\/uesc\/damen-1-wollen-beim-ersten-heimspiel-ihr-potential-abrufen\/#breadcrumb"},"inLanguage":"de","potentialAction":[{"@type":"ReadAction","target":["https:\/\/www.uesc-waldmichelbach.de\/uesc\/damen-1-wollen-beim-ersten-heimspiel-ihr-potential-abrufen\/"]}]},{"@type":"BreadcrumbList","@id":"https:\/\/www.uesc-waldmichelbach.de\/uesc\/damen-1-wollen-beim-ersten-heimspiel-ihr-potential-abrufen\/#breadcrumb","itemListElement":[{"@type":"ListItem","position":1,"name":"Startseite","item":"https:\/\/www.uesc-waldmichelbach.de\/uesc\/"},{"@type":"ListItem","position":2,"name":"Damen 1 wollen beim ersten Heimspiel ihr Potential abrufen"}]},{"@type":"WebSite","@id":"https:\/\/www.uesc-waldmichelbach.de\/uesc\/#website","url":"https:\/\/www.uesc-waldmichelbach.de\/uesc\/","name":"\u00dcberw\u00e4lder Schulsportclub","description":"\u00dcberw\u00e4lder Sportverein","publisher":{"@id":"https:\/\/www.uesc-waldmichelbach.de\/uesc\/#organization"},"potentialAction":[{"@type":"SearchAction","target":{"@type":"EntryPoint","urlTemplate":"https:\/\/www.uesc-waldmichelbach.de\/uesc\/?s={search_term_string}"},"query-input":{"@type":"PropertyValueSpecification","valueRequired":true,"valueName":"search_term_string"}}],"inLanguage":"de"},{"@type":"Organization","@id":"https:\/\/www.uesc-waldmichelbach.de\/uesc\/#organization","name":"\u00dcberw\u00e4lder Schulsportclub","url":"https:\/\/www.uesc-waldmichelbach.de\/uesc\/","logo":{"@type":"ImageObject","inLanguage":"de","@id":"https:\/\/www.uesc-waldmichelbach.de\/uesc\/#\/schema\/logo\/image\/","url":"https:\/\/www.uesc-waldmichelbach.de\/uesc\/wp-content\/uploads\/2022\/10\/cropped-UeSC-Logo-Varianten.png","contentUrl":"https:\/\/www.uesc-waldmichelbach.de\/uesc\/wp-content\/uploads\/2022\/10\/cropped-UeSC-Logo-Varianten.png","width":240,"height":258,"caption":"\u00dcberw\u00e4lder Schulsportclub"},"image":{"@id":"https:\/\/www.uesc-waldmichelbach.de\/uesc\/#\/schema\/logo\/image\/"},"sameAs":["https:\/\/www.facebook.com\/UESC.WaldMichelbach","https:\/\/www.instagram.com\/uesc.wamiba\/"]},{"@type":"Person","@id":"https:\/\/www.uesc-waldmichelbach.de\/uesc\/#\/schema\/person\/0862c037380cdd1b16a6b861ca22240c","name":"Alex","image":{"@type":"ImageObject","inLanguage":"de","@id":"https:\/\/secure.gravatar.com\/avatar\/b81a8b18341cd19c45411e7cc090f633fbbb14af4000c535ca12a04da2db2c76?s=96&d=mm&r=g","url":"https:\/\/secure.gravatar.com\/avatar\/b81a8b18341cd19c45411e7cc090f633fbbb14af4000c535ca12a04da2db2c76?s=96&d=mm&r=g","contentUrl":"https:\/\/secure.gravatar.com\/avatar\/b81a8b18341cd19c45411e7cc090f633fbbb14af4000c535ca12a04da2db2c76?s=96&d=mm&r=g","caption":"Alex"},"url":"https:\/\/www.uesc-waldmichelbach.de\/uesc\/author\/alex\/"}]}},"_links":{"self":[{"href":"https:\/\/www.uesc-waldmichelbach.de\/uesc\/wp-json\/wp\/v2\/posts\/2123","targetHints":{"allow":["GET"]}}],"collection":[{"href":"https:\/\/www.uesc-waldmichelbach.de\/uesc\/wp-json\/wp\/v2\/posts"}],"about":[{"href":"https:\/\/www.uesc-waldmichelbach.de\/uesc\/wp-json\/wp\/v2\/types\/post"}],"author":[{"embeddable":true,"href":"https:\/\/www.uesc-waldmichelbach.de\/uesc\/wp-json\/wp\/v2\/users\/15"}],"replies":[{"embeddable":true,"href":"https:\/\/www.uesc-waldmichelbach.de\/uesc\/wp-json\/wp\/v2\/comments?post=2123"}],"version-history":[{"count":1,"href":"https:\/\/www.uesc-waldmichelbach.de\/uesc\/wp-json\/wp\/v2\/posts\/2123\/revisions"}],"predecessor-version":[{"id":2124,"href":"https:\/\/www.uesc-waldmichelbach.de\/uesc\/wp-json\/wp\/v2\/posts\/2123\/revisions\/2124"}],"wp:attachment":[{"href":"https:\/\/www.uesc-waldmichelbach.de\/uesc\/wp-json\/wp\/v2\/media?parent=2123"}],"wp:term":[{"taxonomy":"category","embeddable":true,"href":"https:\/\/www.uesc-waldmichelbach.de\/uesc\/wp-json\/wp\/v2\/categories?post=2123"},{"taxonomy":"post_tag","embeddable":true,"href":"https:\/\/www.uesc-waldmichelbach.de\/uesc\/wp-json\/wp\/v2\/tags?post=2123"}],"curies":[{"name":"wp","href":"https:\/\/api.w.org\/{rel}","templated":true}]}}